{"id":20033,"date":"2025-07-14T09:00:00","date_gmt":"2025-07-14T07:00:00","guid":{"rendered":"https:\/\/dbh-group.com\/blog\/?p=20033"},"modified":"2025-07-14T08:48:44","modified_gmt":"2025-07-14T06:48:44","slug":"miert-fontos-a-zajszabalyozas-a-szolgaltatott-irodakban","status":"publish","type":"post","link":"https:\/\/dbh-group.com\/blog\/?p=20033&lang=hu","title":{"rendered":"<strong>Mi\u00e9rt fontos a zajszab\u00e1lyoz\u00e1s a szolg\u00e1ltatott irod\u00e1kban<\/strong>"},"content":{"rendered":"\n<p>A modern szolg\u00e1ltatott iroda rugalmas, k\u00f6lts\u00e9ghat\u00e9kony munkav\u00e9gz\u00e9si helyet k\u00edn\u00e1l a v\u00e1llalkoz\u00e1sok sz\u00e1m\u00e1ra. Azonban a k\u00f6z\u00f6s terek el\u0151nyei mellett komoly kih\u00edv\u00e1st is rejtenek magukban: a zajt. A nyitott elrendez\u00e9sek, a magas kihaszn\u00e1lts\u00e1g \u00e9s a k\u00fcl\u00f6nb\u00f6z\u0151 \u00fczleti tev\u00e9kenys\u00e9gek kombin\u00e1ci\u00f3ja miatt a zajszint k\u00f6nnyen elszabadulhat. A zaj kezel\u00e9se nem csup\u00e1n a k\u00e9nyelem k\u00e9rd\u00e9se; kulcsfontoss\u00e1g\u00fa a termel\u00e9kenys\u00e9g, a j\u00f3 k\u00f6z\u00e9rzet \u00e9s a pozit\u00edv irodai k\u00f6rnyezet fenntart\u00e1sa szempontj\u00e1b\u00f3l.<\/p>\n\n\n\n<p>\u00cdme, mi\u00e9rt olyan fontos a zajszab\u00e1lyoz\u00e1s a szolg\u00e1ltatott irod\u00e1kban, \u00e9s hogyan tehetnek csod\u00e1t az okos megold\u00e1sok.<\/p>\n\n\n\n<h3><strong>A zaj hat\u00e1sa a termel\u00e9kenys\u00e9gre<\/strong><\/h3>\n\n\n\n<p><\/p>\n\n\n\n<p>A zaj jelent\u0151s termel\u00e9kenys\u00e9gi t\u00e9nyez\u0151 lehet \u2013 negat\u00edv \u00e9rtelemben. A kutat\u00e1sok szerint m\u00e9g a kisebb zavar\u00f3 t\u00e9nyez\u0151k, p\u00e9ld\u00e1ul egy koll\u00e9ga telefonh\u00edv\u00e1sa vagy az irodai besz\u00e9lget\u00e9sek zaja is megbonthatj\u00e1k a koncentr\u00e1ci\u00f3t. Az olyan feladatok eset\u00e9ben, amelyek m\u00e9ly f\u00f3kuszt ig\u00e9nyelnek \u2013 mint p\u00e9ld\u00e1ul jelent\u00e9sek \u00edr\u00e1sa vagy adatelemz\u00e9s \u2013, ezek a megszak\u00edt\u00e1sok hib\u00e1khoz \u00e9s \u00e9rt\u00e9kes munka\u00f3r\u00e1k elveszt\u00e9s\u00e9hez vezethetnek.<\/p>\n\n\n\n<p>A probl\u00e9ma k\u00fcl\u00f6n\u00f6sen \u00e9les a szolg\u00e1ltatott irod\u00e1kban, ahol k\u00fcl\u00f6nb\u00f6z\u0151 csapatok gyakran osztoznak egy ny\u00edlt t\u00e9rben. Mivel mindenki m\u00e1s feladatokon dolgozik, a zaj gyorsan eluralkodhat. A rossz zajkezel\u00e9s frusztr\u00e1ci\u00f3hoz, hat\u00e1rid\u0151k cs\u00fasz\u00e1s\u00e1hoz \u00e9s \u00e1ltal\u00e1nos teljes\u00edtm\u00e9nycs\u00f6kken\u00e9shez vezethet. A zajszab\u00e1lyoz\u00f3 int\u00e9zked\u00e9sek bevezet\u00e9s\u00e9vel biztos\u00edthat\u00f3, hogy az alkalmazottak hat\u00e9konyan, minim\u00e1lis zavar\u00f3 t\u00e9nyez\u0151 mellett v\u00e9gezhess\u00e9k munk\u00e1jukat.<\/p>\n\n\n\n<h3><strong>Munkav\u00e1llal\u00f3i j\u00f3ll\u00e9t \u00e9s zaj\u00e9rz\u00e9kenys\u00e9g<\/strong><\/h3>\n\n\n\n<p><\/p>\n\n\n\n<p>A zaj nemcsak a termel\u00e9kenys\u00e9get befoly\u00e1solja, hanem a munkav\u00e1llal\u00f3k j\u00f3ll\u00e9t\u00e9t is. A folyamatosan magas zajszint fokozza a stresszt, ami kihat a testi \u00e9s lelki eg\u00e9szs\u00e9gre egyar\u00e1nt. A tart\u00f3s zajterhel\u00e9s ak\u00e1r ki\u00e9g\u00e9shez is vezethet, mivel az alkalmazottak nehezen tudnak koncentr\u00e1lni \u00e9s megbirk\u00f3zni a kialakul\u00f3 nyom\u00e1ssal.<\/p>\n\n\n\n<p>Nem mindenki reag\u00e1l egyform\u00e1n a zajra. Egyes munkav\u00e1llal\u00f3k j\u00f3l \u00e9rzik magukat egy ny\u00fczsg\u0151 k\u00f6rnyezetben, m\u00edg m\u00e1sok t\u00falterheltnek \u00e9rezhetik magukat. A k\u00fcl\u00f6nb\u00f6z\u0151 zajt\u0171r\u0151 k\u00e9pess\u00e9gek figyelembev\u00e9tele elengedhetetlen ahhoz, hogy olyan eg\u00e9szs\u00e9ges munkahely j\u00f6jj\u00f6n l\u00e9tre, ahol minden alkalmazott \u00e9rv\u00e9nyes\u00fclni tud.<\/p>\n\n\n\n<h3><strong>A megfelel\u0151 l\u00e9gk\u00f6r megteremt\u00e9se<\/strong><\/h3>\n\n\n\n<p><\/p>\n\n\n\n<p>A kiegyens\u00falyozott zajszint pozit\u00edvan hat az irodai l\u00e9gk\u00f6rre. A t\u00fal sok zaj k\u00e1oszt teremt, m\u00edg a teljes csend term\u00e9szetellenesnek vagy ak\u00e1r elszigetel\u0151nek is t\u0171nhet. A hangszintek hat\u00e9kony kezel\u00e9se r\u00e9v\u00e9n az irodai \u00fczemeltet\u0151k olyan professzion\u00e1lis, ugyanakkor k\u00e9nyelmes k\u00f6rnyezetet teremthetnek, ahol az egy\u00fcttm\u0171k\u00f6d\u00e9s \u00e9s a koncentr\u00e1lt munka harmonikusan megf\u00e9r egym\u00e1s mellett.<\/p>\n\n\n\n<p>A szab\u00e1lyozott zajszint\u0171 k\u00f6rnyezet a professzionalizmus \u00e9rzet\u00e9t kelti az \u00fcgyfelekben \u00e9s a l\u00e1togat\u00f3kban is. K\u00e9pzelj\u00fcnk el egy csendes, rendezett teret egy zajos, zavar\u00f3 k\u00f6rnyezet helyett. Az el\u0151bbi sokkal jobb benyom\u00e1st kelt, \u00e9s meger\u0151s\u00edti a szolg\u00e1ltatott iroda mint magas sz\u00ednvonal\u00fa \u00fczleti k\u00f6zpont im\u00e1zs\u00e1t.<\/p>\n\n\n\n<h3><strong>Hat\u00e9kony zajcs\u00f6kkent\u00e9si megold\u00e1sok<\/strong><\/h3>\n\n\n\n<p><\/p>\n\n\n\n<p>A zaj kezel\u00e9se a szolg\u00e1ltatott irod\u00e1kban a tervez\u00e9s, a technol\u00f3gia \u00e9s az \u00e1tgondolt szab\u00e1lyoz\u00e1sok kombin\u00e1ci\u00f3j\u00e1t ig\u00e9nyli. \u00cdme n\u00e9h\u00e1ny bev\u00e1lt strat\u00e9gia, amelyek hat\u00e9konyan cs\u00f6kkentik a zajt \u00e9s optim\u00e1lis munkak\u00f6rnyezetet teremtenek:<\/p>\n\n\n\n<p><strong>1. Akusztikai panelek \u00e9s hangelnyel\u0151 anyagok<\/strong><br>Az akusztikai panelek a legegyszer\u0171bb \u00e9s leghat\u00e9konyabb zajcs\u00f6kkent\u00e9si megold\u00e1sok k\u00f6z\u00e9 tartoznak. Ezek a panelek \u2013 habszivacsb\u00f3l, sz\u00f6vetb\u0151l vagy f\u00e1b\u00f3l k\u00e9sz\u00fclve \u2013 elnyelik a hanghull\u00e1mokat, \u00edgy cs\u00f6kkentik a visszhangot \u00e9s a h\u00e1tt\u00e9rzajt. A falakon, mennyezeten vagy ak\u00e1r t\u00e9relv\u00e1laszt\u00f3k\u00e9nt elhelyezve jelent\u0151sen cs\u00f6kkenthetik a zajszintet.<\/p>\n\n\n\n<p>A sz\u0151nyegek, padl\u00f3sz\u0151nyegek \u00e9s k\u00e1rpitozott b\u00fatorok szint\u00e9n hozz\u00e1j\u00e1rulnak a zaj elnyel\u00e9s\u00e9hez, \u00e9s nyugodtabb l\u00e9gk\u00f6rt teremtenek. Ezeket az anyagokat strat\u00e9giailag lehet elhelyezni a nagy forgalm\u00fa ter\u00fcleteken a zajszint cs\u00f6kkent\u00e9se \u00e9rdek\u00e9ben.<\/p>\n\n\n\n<p><strong>2. Hangszigetel\u00e9s a mag\u00e1n\u00e9let \u00e9rdek\u00e9ben<\/strong><br>A t\u00e1rgyal\u00f3k \u00e9s priv\u00e1t irod\u00e1k eset\u00e9ben a hangszigetel\u00e9s elengedhetetlen. Kiv\u00e1l\u00f3 min\u0151s\u00e9g\u0171 ajt\u00f3k \u00e9s ablakok, valamint falakba \u00e9p\u00edtett szigetel\u00e9s gondoskodik arr\u00f3l, hogy a besz\u00e9lget\u00e9sek bizalmasak maradjanak, \u00e9s a zaj ne sziv\u00e1rogjon \u00e1t a k\u00f6z\u00f6ss\u00e9gi terekbe. Ez k\u00fcl\u00f6n\u00f6sen fontos olyan v\u00e1llalkoz\u00e1sok sz\u00e1m\u00e1ra, amelyek \u00e9rz\u00e9keny inform\u00e1ci\u00f3kat kezelnek vagy gyakran t\u00e1rgyalnak \u00fcgyfelekkel.<\/p>\n\n\n\n<p><strong>3. Kijel\u00f6lt csendes z\u00f3n\u00e1k<\/strong><br>A \u201ecsendes z\u00f3n\u00e1k\u201d kijel\u00f6l\u00e9se \u00e1tt\u00f6r\u00e9st hozhat a zajszab\u00e1lyoz\u00e1sban. Azok az alkalmazottak, akiknek fokozott koncentr\u00e1ci\u00f3ra van sz\u00fcks\u00e9g\u00fck, ezeket a ter\u00fcleteket mened\u00e9kk\u00e9nt haszn\u00e1lhatj\u00e1k. A csendes z\u00f3n\u00e1k \u00e1ltal\u00e1ban nyugtat\u00f3 dekor\u00e1ci\u00f3val, hangszigetel\u00e9si megold\u00e1sokkal \u00e9s szigor\u00fa zajszab\u00e1lyoz\u00e1si ir\u00e1nyelvekkel rendelkeznek, hogy val\u00f3ban b\u00e9k\u00e9sek maradjanak.<\/p>\n\n\n\n<p>Ezek a z\u00f3n\u00e1k azt \u00fczenik a munkav\u00e1llal\u00f3knak, hogy a koncentr\u00e1ci\u00f3s ig\u00e9ny\u00fck fontos, ami n\u00f6veli a mor\u00e1lt \u00e9s a termel\u00e9kenys\u00e9get.<\/p>\n\n\n\n<p><strong>4. Rugalmas t\u00e9rkialak\u00edt\u00e1s a zaj kezel\u00e9se \u00e9rdek\u00e9ben<\/strong><br>A rugalmas irodai elrendez\u00e9sek fizikailag is elk\u00fcl\u00f6n\u00edtik a zajos tev\u00e9kenys\u00e9geket a csendesebbekt\u0151l. P\u00e9ld\u00e1ul k\u00fcl\u00f6n z\u00f3n\u00e1k kialak\u00edt\u00e1sa a k\u00f6z\u00f6s munk\u00e1hoz, telefonh\u00edv\u00e1sokhoz vagy inform\u00e1lis besz\u00e9lget\u00e9sekhez seg\u00edt kord\u00e1ban tartani a zajt. Azok az alkalmazottak, akik nem vesznek r\u00e9szt ezekben a tev\u00e9kenys\u00e9gekben, zavartalanul dolgozhatnak a f\u00f3kusz\u00e1lt munkater\u00fcleteken.<\/p>\n\n\n\n<h3><strong>Mi\u00e9rt tekints\u00fcnk a zajszab\u00e1lyoz\u00e1sra befektet\u00e9sk\u00e9nt?<\/strong><\/h3>\n\n\n\n<p><\/p>\n\n\n\n<p>A zajszab\u00e1lyoz\u00e1sba t\u00f6rt\u00e9n\u0151 befektet\u00e9s nem csup\u00e1n az alkalmazottak el\u00e9gedetts\u00e9g\u00e9r\u0151l sz\u00f3l \u2013 a c\u00e9l egy olyan munkahely megteremt\u00e9se, ahol a munkav\u00e1llal\u00f3k a legjobb teljes\u00edtm\u00e9ny\u00fcket tudj\u00e1k ny\u00fajtani. A zavar\u00f3 t\u00e9nyez\u0151k minimaliz\u00e1l\u00e1s\u00e1val a v\u00e1llalkoz\u00e1sok n\u00f6velik a termel\u00e9kenys\u00e9get, v\u00e9dik az alkalmazottak j\u00f3ll\u00e9t\u00e9t, \u00e9s k\u00e9nyelmesebb l\u00e9gk\u00f6rt teremtenek.<\/p>\n\n\n\n<p>A szolg\u00e1ltatott irod\u00e1k eset\u00e9ben, ahol k\u00fcl\u00f6nf\u00e9le t\u00edpus\u00fa \u00e9s m\u00e9ret\u0171 c\u00e9gek osztoznak egyetlen t\u00e9ren, a zajszab\u00e1lyoz\u00e1s m\u00e9g kritikusabb. Ez nem csup\u00e1n egy extra szolg\u00e1ltat\u00e1s, hanem elengedhetetlen felt\u00e9tele annak, hogy a munkak\u00f6rnyezet funkcion\u00e1lis \u00e9s vonz\u00f3 maradjon. Legyen sz\u00f3 akusztikai tervez\u00e9sr\u0151l, \u00e1tgondolt t\u00e9rkialak\u00edt\u00e1sr\u00f3l vagy csendes z\u00f3n\u00e1kr\u00f3l \u2013 a zajkezel\u00e9si strat\u00e9gi\u00e1k ide\u00e1lis munkak\u00f6rnyezett\u00e9 alak\u00edtj\u00e1k a szolg\u00e1ltatott irod\u00e1kat a modern munka vil\u00e1g\u00e1ban.<\/p>\n\n\n\n<p>A zajszab\u00e1lyoz\u00e1s el\u0151t\u00e9rbe helyez\u00e9s\u00e9vel a <a href=\"https:\/\/dbh-group.com\/hu\/szolgaltatott-irodak\" target=\"_blank\" rel=\"noreferrer noopener\">szolg\u00e1ltatott iroda<\/a> szolg\u00e1ltat\u00f3k megfelelhetnek b\u00e9rl\u0151ik v\u00e1ltoz\u00f3 ig\u00e9nyeinek, \u00e9s nem csup\u00e1n egy munkateret, hanem egy fejl\u0151d\u00e9sre alkalmas teret k\u00edn\u00e1lhatnak sz\u00e1mukra.<\/p>\n","protected":false},"excerpt":{"rendered":"<p>A zajkezel\u00e9s kulcsfontoss\u00e1g\u00fa a szolg\u00e1ltatott irod\u00e1kban, ahol a nyitott terek \u00e9s a k\u00fcl\u00f6nf\u00e9le tev\u00e9kenys\u00e9gek k\u00f6nnyen zavar\u00f3v\u00e1 v\u00e1lhatnak. A kontroll\u00e1latlan zaj cs\u00f6kkenti a produktivit\u00e1st, rontja a k\u00f6z\u00e9rzetet \u00e9s negat\u00edvan hat az irodai hangulatra. A cikk bemutatja, mi\u00e9rt fontos a zajcs\u00f6kkent\u00e9s ezekben a k\u00f6rnyezetekben, \u00e9s milyen bev\u00e1lt megold\u00e1sok\u2014mint p\u00e9ld\u00e1ul akusztikus panelek, csendes z\u00f3n\u00e1k \u00e9s rugalmas t\u00e9rkialak\u00edt\u00e1sok\u2014seg\u00edtenek egy hat\u00e9konyabb, kellemesebb munkat\u00e9r kialak\u00edt\u00e1s\u00e1ban.<\/p>\n","protected":false},"author":57,"featured_media":20034,"comment_status":"open","ping_status":"closed","sticky":false,"template":"","format":"standard","meta":{"_monsterinsights_skip_tracking":false,"_monsterinsights_sitenote_active":false,"_monsterinsights_sitenote_note":"","_monsterinsights_sitenote_category":0},"categories":[644,79],"tags":[],"yoast_head":"<!-- This site is optimized with the Yoast SEO plugin v15.3 - https:\/\/yoast.com\/wordpress\/plugins\/seo\/ -->\n<meta name=\"description\" content=\"Tudd meg, hogyan n\u00f6veli a zajcs\u00f6kkent\u00e9s a hat\u00e9konys\u00e1got \u00e9s a j\u00f3ll\u00e9tet a szolg\u00e1ltatott irod\u00e1kban okos kialak\u00edt\u00e1ssal.\" \/>\n<meta name=\"robots\" content=\"index, follow, max-snippet:-1, max-image-preview:large, max-video-preview:-1\" \/>\n<link rel=\"canonical\" href=\"https:\/\/dbh-group.com\/blog\/?p=20033&#038;lang=hu\" \/>\n<meta property=\"og:locale\" content=\"en_US\" \/>\n<meta property=\"og:type\" content=\"article\" \/>\n<meta property=\"og:title\" content=\"Mi\u00e9rt fontos a zajkezel\u00e9s a szolg\u00e1ltatott irod\u00e1kban?\" \/>\n<meta property=\"og:description\" content=\"Tudd meg, hogyan n\u00f6veli a zajcs\u00f6kkent\u00e9s a hat\u00e9konys\u00e1got \u00e9s a j\u00f3ll\u00e9tet a szolg\u00e1ltatott irod\u00e1kban okos kialak\u00edt\u00e1ssal.\" \/>\n<meta property=\"og:url\" content=\"https:\/\/dbh-group.com\/blog\/?p=20033&amp;lang=hu\" \/>\n<meta property=\"og:site_name\" content=\"DBH Group\" \/>\n<meta property=\"article:publisher\" content=\"https:\/\/www.facebook.com\/THEDBHGROUP\" \/>\n<meta property=\"article:published_time\" content=\"2025-07-14T07:00:00+00:00\" \/>\n<meta property=\"article:modified_time\" content=\"2025-07-14T06:48:44+00:00\" \/>\n<meta property=\"og:image\" content=\"https:\/\/dbh-group.com\/blog\/wp-content\/uploads\/2025\/07\/modern-office-space-with-desktops-with-modern-computers-created-with-generative-ai-technology-1-scaled.jpg\" \/>\n\t<meta property=\"og:image:width\" content=\"2560\" \/>\n\t<meta property=\"og:image:height\" content=\"1445\" \/>\n<meta name=\"twitter:card\" content=\"summary_large_image\" \/>\n<meta name=\"twitter:creator\" content=\"@dbhgroup\" \/>\n<meta name=\"twitter:site\" content=\"@dbhgroup\" \/>\n<meta name=\"twitter:label1\" content=\"Written by\">\n\t<meta name=\"twitter:data1\" content=\"Levente Kondorosi\">\n\t<meta name=\"twitter:label2\" content=\"Est. reading time\">\n\t<meta name=\"twitter:data2\" content=\"5 minutes\">\n<script type=\"application\/ld+json\" class=\"yoast-schema-graph\">{\"@context\":\"https:\/\/schema.org\",\"@graph\":[{\"@type\":\"WebSite\",\"@id\":\"https:\/\/dbh-group.com\/blog\/#website\",\"url\":\"https:\/\/dbh-group.com\/blog\/\",\"name\":\"DBH Group\",\"description\":\"Growing Business Together\",\"potentialAction\":[{\"@type\":\"SearchAction\",\"target\":\"https:\/\/dbh-group.com\/blog\/?s={search_term_string}\",\"query-input\":\"required name=search_term_string\"}],\"inLanguage\":\"en-US\"},{\"@type\":\"ImageObject\",\"@id\":\"https:\/\/dbh-group.com\/blog\/?p=20033&lang=hu#primaryimage\",\"inLanguage\":\"en-US\",\"url\":\"https:\/\/dbh-group.com\/blog\/wp-content\/uploads\/2025\/07\/modern-office-space-with-desktops-with-modern-computers-created-with-generative-ai-technology-1-scaled.jpg\",\"width\":2560,\"height\":1445,\"caption\":\"DBH Serviced Office Budapest\"},{\"@type\":\"WebPage\",\"@id\":\"https:\/\/dbh-group.com\/blog\/?p=20033&lang=hu#webpage\",\"url\":\"https:\/\/dbh-group.com\/blog\/?p=20033&lang=hu\",\"name\":\"Mi\\u00e9rt fontos a zajkezel\\u00e9s a szolg\\u00e1ltatott irod\\u00e1kban?\",\"isPartOf\":{\"@id\":\"https:\/\/dbh-group.com\/blog\/#website\"},\"primaryImageOfPage\":{\"@id\":\"https:\/\/dbh-group.com\/blog\/?p=20033&lang=hu#primaryimage\"},\"datePublished\":\"2025-07-14T07:00:00+00:00\",\"dateModified\":\"2025-07-14T06:48:44+00:00\",\"author\":{\"@id\":\"https:\/\/dbh-group.com\/blog\/#\/schema\/person\/f7cee06c027b1f46325ff1da9fa24af3\"},\"description\":\"Tudd meg, hogyan n\\u00f6veli a zajcs\\u00f6kkent\\u00e9s a hat\\u00e9konys\\u00e1got \\u00e9s a j\\u00f3ll\\u00e9tet a szolg\\u00e1ltatott irod\\u00e1kban okos kialak\\u00edt\\u00e1ssal.\",\"inLanguage\":\"en-US\",\"potentialAction\":[{\"@type\":\"ReadAction\",\"target\":[\"https:\/\/dbh-group.com\/blog\/?p=20033&lang=hu\"]}]},{\"@type\":\"Person\",\"@id\":\"https:\/\/dbh-group.com\/blog\/#\/schema\/person\/f7cee06c027b1f46325ff1da9fa24af3\",\"name\":\"Levente Kondorosi\",\"image\":{\"@type\":\"ImageObject\",\"@id\":\"https:\/\/dbh-group.com\/blog\/#personlogo\",\"inLanguage\":\"en-US\",\"url\":\"https:\/\/secure.gravatar.com\/avatar\/cef6ed9d3d7193a2753ced7fc54ca3f5?s=96&d=mm&r=g\",\"caption\":\"Levente Kondorosi\"}}]}<\/script>\n<!-- \/ Yoast SEO plugin. -->","_links":{"self":[{"href":"https:\/\/dbh-group.com\/blog\/index.php?rest_route=\/wp\/v2\/posts\/20033"}],"collection":[{"href":"https:\/\/dbh-group.com\/blog\/index.php?rest_route=\/wp\/v2\/posts"}],"about":[{"href":"https:\/\/dbh-group.com\/blog\/index.php?rest_route=\/wp\/v2\/types\/post"}],"author":[{"embeddable":true,"href":"https:\/\/dbh-group.com\/blog\/index.php?rest_route=\/wp\/v2\/users\/57"}],"replies":[{"embeddable":true,"href":"https:\/\/dbh-group.com\/blog\/index.php?rest_route=%2Fwp%2Fv2%2Fcomments&post=20033"}],"version-history":[{"count":1,"href":"https:\/\/dbh-group.com\/blog\/index.php?rest_route=\/wp\/v2\/posts\/20033\/revisions"}],"predecessor-version":[{"id":20035,"href":"https:\/\/dbh-group.com\/blog\/index.php?rest_route=\/wp\/v2\/posts\/20033\/revisions\/20035"}],"wp:featuredmedia":[{"embeddable":true,"href":"https:\/\/dbh-group.com\/blog\/index.php?rest_route=\/wp\/v2\/media\/20034"}],"wp:attachment":[{"href":"https:\/\/dbh-group.com\/blog\/index.php?rest_route=%2Fwp%2Fv2%2Fmedia&parent=20033"}],"wp:term":[{"taxonomy":"category","embeddable":true,"href":"https:\/\/dbh-group.com\/blog\/index.php?rest_route=%2Fwp%2Fv2%2Fcategories&post=20033"},{"taxonomy":"post_tag","embeddable":true,"href":"https:\/\/dbh-group.com\/blog\/index.php?rest_route=%2Fwp%2Fv2%2Ftags&post=20033"}],"curies":[{"name":"wp","href":"https:\/\/api.w.org\/{rel}","templated":true}]}}