{"id":20027,"date":"2025-07-11T08:00:00","date_gmt":"2025-07-11T06:00:00","guid":{"rendered":"https:\/\/dbh-group.com\/blog\/?p=20027"},"modified":"2025-07-08T09:15:40","modified_gmt":"2025-07-08T07:15:40","slug":"a-flexibilis-irodak-novekvo-nepszerusegenek-megertese","status":"publish","type":"post","link":"https:\/\/dbh-group.com\/blog\/?p=20027&lang=hu","title":{"rendered":"A flexibilis irod\u00e1k n\u00f6vekv\u0151 n\u00e9pszer\u0171s\u00e9g\u00e9nek meg\u00e9rt\u00e9se"},"content":{"rendered":"\n<p>Az irodai k\u00f6rnyezet az elm\u00falt \u00e9vekben dr\u00e1mai \u00e1talakul\u00e1son ment kereszt\u00fcl, \u00e9s ennek a v\u00e1ltoz\u00e1snak a k\u00f6z\u00e9ppontj\u00e1ban a flexibilis irod\u00e1k n\u00f6vekv\u0151 vonzereje \u00e1ll. Ezek a dinamikus munkak\u00f6rnyezetek \u00fajradefini\u00e1lt\u00e1k, hogyan gondolkodnak a v\u00e1llalkoz\u00e1sok az irod\u00e1kr\u00f3l, alkalmazkod\u00f3k\u00e9pess\u00e9get, k\u00f6lts\u00e9gmegtakar\u00edt\u00e1st \u00e9s modern megk\u00f6zel\u00edt\u00e9st k\u00edn\u00e1lva a professzion\u00e1lis \u00e9lethez.<br><br>De mi\u00e9rt v\u00e1lnak a flexibilis irod\u00e1k ennyire n\u00e9pszer\u0171v\u00e9? A startupokt\u00f3l a j\u00f3l bej\u00e1ratott v\u00e1llalatokig az \u00e1ltaluk ny\u00fajtott el\u0151ny\u00f6k vonz\u00f3 megold\u00e1ss\u00e1 teszik \u0151ket a munka vil\u00e1g\u00e1nak folyamatosan v\u00e1ltoz\u00f3 k\u00f6rnyezet\u00e9ben. N\u00e9zz\u00fck meg k\u00f6zelebbr\u0151l, mi hajtja ezt a trendet, \u00e9s hogyan alak\u00edtja a munka j\u00f6v\u0151j\u00e9t.<\/p>\n\n\n\n<h3><strong>Alkalmazkod\u00f3k\u00e9pess\u00e9g a v\u00e1ltoz\u00f3 ig\u00e9nyekhez<\/strong><\/h3>\n\n\n\n<p><\/p>\n\n\n\n<p>A flexibilis irod\u00e1k egyik legnagyobb el\u0151nye, hogy k\u00e9pesek alkalmazkodni a v\u00e1llalkoz\u00e1sok v\u00e1ltoz\u00f3 ig\u00e9nyeihez. A hagyom\u00e1nyos irodab\u00e9rletekkel ellent\u00e9tben, amelyek t\u00f6bb\u00e9ves elk\u00f6telez\u0151d\u00e9st k\u00f6vetelnek, a flexibilis irod\u00e1k r\u00f6vid t\u00e1v\u00fa meg\u00e1llapod\u00e1sokat vagy ig\u00e9ny szerinti fizet\u00e9si modelleket k\u00edn\u00e1lnak, amelyek p\u00e1ratlan szabads\u00e1got biztos\u00edtanak.<br><br>A startupok vagy gyorsan n\u00f6vekv\u0151 v\u00e1llalkoz\u00e1sok sz\u00e1m\u00e1ra ez az alkalmazkod\u00f3k\u00e9pess\u00e9g igazi \u00e1tt\u00f6r\u00e9st jelent. Lehet\u0151v\u00e9 teszi a szervezetek sz\u00e1m\u00e1ra, hogy b\u0151v\u00edts\u00e9k vagy cs\u00f6kkents\u00e9k a ter\u00fcletet a csapat m\u00e9ret\u00e9nek v\u00e1ltoz\u00e1s\u00e1val, biztos\u00edtva, hogy soha ne fizessenek t\u00f6bbet, mint amire sz\u00fcks\u00e9g\u00fck van. M\u00e9g a j\u00f3l bej\u00e1ratott c\u00e9gek is profit\u00e1lnak ebb\u0151l a rugalmass\u00e1gb\u00f3l, k\u00fcl\u00f6n\u00f6sen \u00faj piacokra val\u00f3 bel\u00e9p\u00e9skor vagy ideiglenes projektek ind\u00edt\u00e1sakor.<\/p>\n\n\n\n<h3><strong>Igazod\u00e1s a hibrid munkamodellhez<\/strong><\/h3>\n\n\n\n<p><\/p>\n\n\n\n<p>A t\u00e1voli \u00e9s hibrid munkamodell sok ipar\u00e1gban norm\u00e1v\u00e1 v\u00e1lt, \u00e9s a flexibilis irod\u00e1k t\u00f6k\u00e9letesen kieg\u00e9sz\u00edtik ezt az \u00e1talakul\u00e1st. Az otthoni munkav\u00e9gz\u00e9s vagy a hibrid id\u0151beoszt\u00e1s ir\u00e1nti n\u00f6vekv\u0151 preferencia miatt a v\u00e1llalatoknak m\u00e1r nincs sz\u00fcks\u00e9g\u00fck hatalmas, dedik\u00e1lt irodater\u00fcletekre.<br><br>A flexibilis irod\u00e1k szolg\u00e1ltat\u00f3i olyan megold\u00e1sokat k\u00edn\u00e1lnak, mint a hot-desking, megosztott coworking terek \u00e9s ig\u00e9ny szerinti t\u00e1rgyal\u00f3k, amelyek lehet\u0151v\u00e9 teszik az alkalmazottak sz\u00e1m\u00e1ra, hogy ott dolgozzanak, ahol a legprodukt\u00edvabbak. Ez a modell \u00e1thidalja a t\u00e1voli munka \u00e9s a szem\u00e9lyes egy\u00fcttm\u0171k\u00f6d\u00e9s k\u00f6z\u00f6tti szakad\u00e9kot, k\u00f6zpontos\u00edtott helyet biztos\u00edtva a csapatok tal\u00e1lkoz\u00e1s\u00e1hoz an\u00e9lk\u00fcl, hogy teljes munkaid\u0151s irod\u00e1t kellene fenntartani.<\/p>\n\n\n\n<h3><strong>K\u00f6lts\u00e9ghat\u00e9konys\u00e1g minden m\u00e9ret\u0171 v\u00e1llalkoz\u00e1s sz\u00e1m\u00e1ra<\/strong><\/h3>\n\n\n\n<p><\/p>\n\n\n\n<p>A flexibilis irod\u00e1k p\u00e9nz\u00fcgyi el\u0151nyei figyelemre m\u00e9lt\u00f3ak. A hagyom\u00e1nyos irodab\u00e9rletek gyakran magas kezdeti k\u00f6lts\u00e9gekkel j\u00e1rnak, bele\u00e9rtve a let\u00e9teket, a berendez\u00e9st \u00e9s a b\u00fatoroz\u00e1st. A flexibilis irod\u00e1k ezzel szemben gyakran teljesen berendezettek \u00e9s felszereltek, kik\u00fcsz\u00f6b\u00f6lve ezeket a kiad\u00e1sokat.<br><br>Ezenk\u00edv\u00fcl a v\u00e1llalkoz\u00e1sok az \u00fczemeltet\u00e9si k\u00f6lts\u00e9geken is sp\u00f3rolnak, mivel a flexibilis irod\u00e1k szolg\u00e1ltat\u00f3i \u00e1ltal\u00e1ban az \u00e1rban foglalj\u00e1k magukba a k\u00f6z\u00fczemi d\u00edjakat, a karbantart\u00e1st \u00e9s k\u00fcl\u00f6nf\u00e9le k\u00e9nyelmi szolg\u00e1ltat\u00e1sokat. A kisv\u00e1llalkoz\u00e1sok vagy azok sz\u00e1m\u00e1ra, akik hat\u00e9konyan szeretn\u00e9k kezelni a k\u00e9szp\u00e9nzforgalmukat, ez az egyszer\u0171s\u00edtett k\u00f6lts\u00e9gstrukt\u00fara felbecs\u00fclhetetlen \u00e9rt\u00e9k\u0171.<\/p>\n\n\n\n<h3><strong>Egy\u00fcttm\u0171k\u00f6d\u00e9s \u00e9s innov\u00e1ci\u00f3 \u00f6szt\u00f6nz\u00e9se<\/strong><\/h3>\n\n\n\n<p><\/p>\n\n\n\n<p>A flexibilis irod\u00e1k tervez\u00e9se az egy\u00fcttm\u0171k\u00f6d\u00e9st \u00e9s a kreativit\u00e1st helyezi el\u0151t\u00e9rbe. A megosztott coworking k\u00f6rnyezetek term\u00e9szetesen el\u0151seg\u00edtik a h\u00e1l\u00f3zat\u00e9p\u00edt\u00e9st \u00e9s az \u00f6tletek cser\u00e9j\u00e9t, ami gyakran v\u00e1ratlan partners\u00e9gekhez vagy innovat\u00edv \u00e1tt\u00f6r\u00e9sekhez vezet.<br><br>Sok flexibilis iroda vegyes elrendez\u00e9st k\u00edn\u00e1l, amely nyitott tereket, priv\u00e1t irod\u00e1kat \u00e9s t\u00e1rgyal\u00f3kat foglal mag\u00e1ban, lehet\u0151v\u00e9 t\u00e9ve a csapatok sz\u00e1m\u00e1ra, hogy ig\u00e9nyeik szerint egy\u00fctt vagy k\u00fcl\u00f6n dolgozzanak. N\u00e9h\u00e1ny helysz\u00edn k\u00f6z\u00f6ss\u00e9gi esem\u00e9nyeket, workshopokat vagy h\u00e1l\u00f3zat\u00e9p\u00edt\u00e9si lehet\u0151s\u00e9geket is szervez, \u00e9l\u00e9nk l\u00e9gk\u00f6rt teremtve, amely \u00f6sszek\u00f6ti a hasonl\u00f3 gondolkod\u00e1s\u00fa szakembereket.<\/p>\n\n\n\n<h3><strong>Megold\u00e1s a n\u00f6vekv\u0151 startup \u00f6kosziszt\u00e9ma sz\u00e1m\u00e1ra<\/strong><\/h3>\n\n\n\n<p><\/p>\n\n\n\n<p>A startup kult\u00fara az agilit\u00e1sra \u00e9p\u00fcl, \u00e9s a flexibilis irod\u00e1k l\u00e9tfontoss\u00e1g\u00fa er\u0151forr\u00e1ss\u00e1 v\u00e1ltak ezeknek a v\u00e1llalkoz\u00e1soknak. A korai szakaszban l\u00e9v\u0151 startupok sz\u00e1m\u00e1ra a hagyom\u00e1nyos irodab\u00e9rletek gyakran p\u00e9nz\u00fcgyileg \u00e9s m\u0171k\u00f6d\u00e9sileg is megterhel\u0151ek. A flexibilis irod\u00e1k azonban lehet\u0151v\u00e9 teszik a startupok sz\u00e1m\u00e1ra, hogy professzion\u00e1lis jelenl\u00e9tet alak\u00edtsanak ki an\u00e9lk\u00fcl, hogy t\u00falzottan megterheln\u00e9k er\u0151forr\u00e1saikat.<br><br>Ahogy a startupok n\u00f6vekednek, b\u0151v\u00edthetik jelenl\u00e9t\u00fcket ugyanabban az \u00e9p\u00fcletben vagy szolg\u00e1ltat\u00f3i h\u00e1l\u00f3zatban, egyszer\u0171s\u00edtve a b\u0151v\u00edt\u00e9si folyamatot. Ez a sk\u00e1l\u00e1zhat\u00f3s\u00e1g biztos\u00edtja, hogy az irodahelyis\u00e9g a v\u00e1llalkoz\u00e1s fejl\u0151d\u00e9s\u00e9vel egy\u00fctt alakuljon, cs\u00f6kkentve a n\u00f6veked\u00e9sb\u0151l ad\u00f3d\u00f3 s\u00farl\u00f3d\u00e1sokat.<\/p>\n\n\n\n<h3><strong>Nagyv\u00e1llalatok t\u00e1mogat\u00e1sa decentraliz\u00e1lt irod\u00e1kkal<\/strong><\/h3>\n\n\n\n<p><\/p>\n\n\n\n<p>A nagyv\u00e1llalatok is kihaszn\u00e1lj\u00e1k a flexibilis irodai megold\u00e1sok el\u0151nyeit. Ahelyett, hogy teljes m\u00e9rt\u00e9kben egy k\u00f6zponti v\u00e1llalati k\u00f6zpontra t\u00e1maszkodn\u00e1nak, sok c\u00e9g kisebb, t\u00f6bb helysz\u00ednen elhelyezked\u0151 m\u0171holdirod\u00e1kat hoz l\u00e9tre, hogy cs\u00f6kkentse az alkalmazottak ing\u00e1z\u00e1si idej\u00e9t \u00e9s jav\u00edtsa a munka-mag\u00e1n\u00e9let egyens\u00faly\u00e1t.<br><br>A flexibilis irod\u00e1k megk\u00f6nny\u00edtik ennek a decentraliz\u00e1lt modellnek a megval\u00f3s\u00edt\u00e1s\u00e1t, lehet\u0151v\u00e9 t\u00e9ve a v\u00e1llalatok sz\u00e1m\u00e1ra, hogy kiv\u00e1l\u00f3 min\u0151s\u00e9g\u0171 munkater\u00fclethez f\u00e9rjenek hozz\u00e1 kulcsfontoss\u00e1g\u00fa v\u00e1rosi vagy el\u0151v\u00e1rosi helysz\u00edneken. Ez a megk\u00f6zel\u00edt\u00e9s nemcsak az alkalmazottak el\u00e9gedetts\u00e9g\u00e9t n\u00f6veli, hanem lehet\u0151v\u00e9 teszi a v\u00e1llalkoz\u00e1sok sz\u00e1m\u00e1ra, hogy minim\u00e1lis rezsik\u00f6lts\u00e9ggel glob\u00e1lis jelenl\u00e9tet tartsanak fenn.<\/p>\n\n\n\n<h3><strong>Modern k\u00e9nyelmi szolg\u00e1ltat\u00e1sok<\/strong><\/h3>\n\n\n\n<p><\/p>\n\n\n\n<p>A flexibilis irod\u00e1k m\u00e1sik vonzereje a ny\u00fajtott k\u00e9nyelmi szolg\u00e1ltat\u00e1sok \u00e9s felszerelts\u00e9g. Az eleg\u00e1nsan kialak\u00edtott terekt\u0151l a gyors internetkapcsolatig, teljesen felszerelt konyh\u00e1kig \u00e9s professzion\u00e1lis recepci\u00f3s szolg\u00e1ltat\u00e1sokig ezek a munkater\u00fcletek az alkalmazottak produktivit\u00e1s\u00e1t \u00e9s k\u00e9nyelm\u00e9t szolg\u00e1lj\u00e1k.<br><br>N\u00e9h\u00e1ny szolg\u00e1ltat\u00f3 m\u00e9g tov\u00e1bb megy, \u00e9s wellness szob\u00e1kat, rendezv\u00e9nyhelysz\u00edneket, fitnesztermeket vagy ak\u00e1r gyermekfel\u00fcgyeleti szolg\u00e1ltat\u00e1sokat is k\u00edn\u00e1l. Azoknak a c\u00e9geknek, amelyek vonz\u00f3 munkahelyi kult\u00far\u00e1t szeretn\u00e9nek kialak\u00edtani, ezek a funkci\u00f3k jelent\u0151s vonzer\u0151t jelentenek.<\/p>\n\n\n\n<h3><strong>Mi a j\u00f6v\u0151?<\/strong><\/h3>\n\n\n\n<p><\/p>\n\n\n\n<p>A <a href=\"https:\/\/dbh-group.com\/hu\/szolgaltatott-irodak\" target=\"_blank\" rel=\"noreferrer noopener\">flexibilis irod\u00e1k<\/a> t\u00e9rnyer\u00e9se k\u00f6zvetlen v\u00e1lasz arra, hogyan alakult \u00e1t a modern munka vil\u00e1ga. A rugalmass\u00e1g, alkalmazkod\u00f3k\u00e9pess\u00e9g \u00e9s egy\u00fcttm\u0171k\u00f6d\u00e9s priorit\u00e1ss\u00e1 v\u00e1lt egy olyan vil\u00e1gban, ahol a munka m\u00e1r nem egy fix helyhez k\u00f6t\u00f6tt.<br><br>A hagyom\u00e1nyos irodai megold\u00e1sok korl\u00e1tainak elt\u00e1vol\u00edt\u00e1s\u00e1val a flexibilis irod\u00e1k lehet\u0151v\u00e9 teszik a v\u00e1llalkoz\u00e1sok sz\u00e1m\u00e1ra, hogy alkalmazkodjanak, n\u00f6vekedjenek \u00e9s boldoguljanak egy kisz\u00e1m\u00edthatatlan k\u00f6rnyezetben. Ez a v\u00e1ltoz\u00e1s nem csup\u00e1n egy m\u00fal\u00f3 trend; alapvet\u0151en \u00e1talak\u00edtja azt, ahogyan a munkahelyekr\u0151l gondolkodunk \u00e9s ahogyan azokat megk\u00f6zel\u00edtj\u00fck.<br><br>Minden m\u00e9ret\u0171 v\u00e1llalkoz\u00e1s sz\u00e1m\u00e1ra a flexibilis irod\u00e1k okos befektet\u00e9snek bizonyulnak. Legyen sz\u00f3 agilis n\u00f6veked\u00e9sr\u0151l, k\u00f6lts\u00e9gcs\u00f6kkent\u00e9sr\u0151l vagy az alkalmazottak \u00e9lm\u00e9ny\u00e9nek jav\u00edt\u00e1s\u00e1r\u00f3l, ezek a terek a mai \u00e9s a holnapi munkahelyi ig\u00e9nyekhez egyar\u00e1nt igazodnak.<br><\/p>\n","protected":false},"excerpt":{"rendered":"<p>A rugalmas irod\u00e1k forradalmas\u00edtj\u00e1k a munkav\u00e9gz\u00e9st: r\u00f6vid t\u00e1v\u00fa b\u00e9rleteik, k\u00f6lts\u00e9ghat\u00e9konys\u00e1guk \u00e9s modern felszerelts\u00e9g\u00fck r\u00e9v\u00e9n ide\u00e1lisak a hibrid munkav\u00e9gz\u00e9shez. Legyen sz\u00f3 indul\u00f3 v\u00e1llalkoz\u00e1sr\u00f3l vagy nagyv\u00e1llalatr\u00f3l, ezek a terek seg\u00edtik a sk\u00e1l\u00e1z\u00f3d\u00e1st, az egy\u00fcttm\u0171k\u00f6d\u00e9st \u00e9s a munka-mag\u00e1n\u00e9let egyens\u00faly\u00e1t. A rugalmas irod\u00e1k nem csup\u00e1n trendek \u2013 a munka j\u00f6v\u0151j\u00e9t k\u00e9pviselik.<\/p>\n","protected":false},"author":57,"featured_media":20028,"comment_status":"open","ping_status":"closed","sticky":false,"template":"","format":"standard","meta":{"_monsterinsights_skip_tracking":false,"_monsterinsights_sitenote_active":false,"_monsterinsights_sitenote_note":"","_monsterinsights_sitenote_category":0},"categories":[644,79],"tags":[],"yoast_head":"<!-- This site is optimized with the Yoast SEO plugin v15.3 - https:\/\/yoast.com\/wordpress\/plugins\/seo\/ -->\n<meta name=\"description\" content=\"Tudd meg, mi\u00e9rt v\u00e1lasztj\u00e1k egyre t\u00f6bben a rugalmas irod\u00e1kat: k\u00f6lts\u00e9ghat\u00e9kony, hibrid munk\u00e1t t\u00e1mogat\u00f3 \u00e9s sk\u00e1l\u00e1zhat\u00f3 megold\u00e1s minden c\u00e9gnek.\" \/>\n<meta name=\"robots\" content=\"index, follow, max-snippet:-1, max-image-preview:large, max-video-preview:-1\" \/>\n<link rel=\"canonical\" href=\"https:\/\/dbh-group.com\/blog\/?p=20027&#038;lang=hu\" \/>\n<meta property=\"og:locale\" content=\"en_US\" \/>\n<meta property=\"og:type\" content=\"article\" \/>\n<meta property=\"og:title\" content=\"A rugalmas irod\u00e1k a munka j\u00f6v\u0151j\u00e9t form\u00e1lj\u00e1k\" \/>\n<meta property=\"og:description\" content=\"Tudd meg, mi\u00e9rt v\u00e1lasztj\u00e1k egyre t\u00f6bben a rugalmas irod\u00e1kat: k\u00f6lts\u00e9ghat\u00e9kony, hibrid munk\u00e1t t\u00e1mogat\u00f3 \u00e9s sk\u00e1l\u00e1zhat\u00f3 megold\u00e1s minden c\u00e9gnek.\" \/>\n<meta property=\"og:url\" content=\"https:\/\/dbh-group.com\/blog\/?p=20027&amp;lang=hu\" \/>\n<meta property=\"og:site_name\" content=\"DBH Group\" \/>\n<meta property=\"article:publisher\" content=\"https:\/\/www.facebook.com\/THEDBHGROUP\" \/>\n<meta property=\"article:published_time\" content=\"2025-07-11T06:00:00+00:00\" \/>\n<meta property=\"article:modified_time\" content=\"2025-07-08T07:15:40+00:00\" \/>\n<meta property=\"og:image\" content=\"https:\/\/dbh-group.com\/blog\/wp-content\/uploads\/2025\/07\/modern-interior-design-office-1-scaled.jpg\" \/>\n\t<meta property=\"og:image:width\" content=\"2560\" \/>\n\t<meta property=\"og:image:height\" content=\"1709\" \/>\n<meta name=\"twitter:card\" content=\"summary_large_image\" \/>\n<meta name=\"twitter:creator\" content=\"@dbhgroup\" \/>\n<meta name=\"twitter:site\" content=\"@dbhgroup\" \/>\n<meta name=\"twitter:label1\" content=\"Written by\">\n\t<meta name=\"twitter:data1\" content=\"Levente Kondorosi\">\n\t<meta name=\"twitter:label2\" content=\"Est. reading time\">\n\t<meta name=\"twitter:data2\" content=\"6 minutes\">\n<script type=\"application\/ld+json\" class=\"yoast-schema-graph\">{\"@context\":\"https:\/\/schema.org\",\"@graph\":[{\"@type\":\"WebSite\",\"@id\":\"https:\/\/dbh-group.com\/blog\/#website\",\"url\":\"https:\/\/dbh-group.com\/blog\/\",\"name\":\"DBH Group\",\"description\":\"Growing Business Together\",\"potentialAction\":[{\"@type\":\"SearchAction\",\"target\":\"https:\/\/dbh-group.com\/blog\/?s={search_term_string}\",\"query-input\":\"required name=search_term_string\"}],\"inLanguage\":\"en-US\"},{\"@type\":\"ImageObject\",\"@id\":\"https:\/\/dbh-group.com\/blog\/?p=20027&lang=hu#primaryimage\",\"inLanguage\":\"en-US\",\"url\":\"https:\/\/dbh-group.com\/blog\/wp-content\/uploads\/2025\/07\/modern-interior-design-office-1-scaled.jpg\",\"width\":2560,\"height\":1709,\"caption\":\"A modern interior design of an office\"},{\"@type\":\"WebPage\",\"@id\":\"https:\/\/dbh-group.com\/blog\/?p=20027&lang=hu#webpage\",\"url\":\"https:\/\/dbh-group.com\/blog\/?p=20027&lang=hu\",\"name\":\"A rugalmas irod\\u00e1k a munka j\\u00f6v\\u0151j\\u00e9t form\\u00e1lj\\u00e1k\",\"isPartOf\":{\"@id\":\"https:\/\/dbh-group.com\/blog\/#website\"},\"primaryImageOfPage\":{\"@id\":\"https:\/\/dbh-group.com\/blog\/?p=20027&lang=hu#primaryimage\"},\"datePublished\":\"2025-07-11T06:00:00+00:00\",\"dateModified\":\"2025-07-08T07:15:40+00:00\",\"author\":{\"@id\":\"https:\/\/dbh-group.com\/blog\/#\/schema\/person\/f7cee06c027b1f46325ff1da9fa24af3\"},\"description\":\"Tudd meg, mi\\u00e9rt v\\u00e1lasztj\\u00e1k egyre t\\u00f6bben a rugalmas irod\\u00e1kat: k\\u00f6lts\\u00e9ghat\\u00e9kony, hibrid munk\\u00e1t t\\u00e1mogat\\u00f3 \\u00e9s sk\\u00e1l\\u00e1zhat\\u00f3 megold\\u00e1s minden c\\u00e9gnek.\",\"inLanguage\":\"en-US\",\"potentialAction\":[{\"@type\":\"ReadAction\",\"target\":[\"https:\/\/dbh-group.com\/blog\/?p=20027&lang=hu\"]}]},{\"@type\":\"Person\",\"@id\":\"https:\/\/dbh-group.com\/blog\/#\/schema\/person\/f7cee06c027b1f46325ff1da9fa24af3\",\"name\":\"Levente Kondorosi\",\"image\":{\"@type\":\"ImageObject\",\"@id\":\"https:\/\/dbh-group.com\/blog\/#personlogo\",\"inLanguage\":\"en-US\",\"url\":\"https:\/\/secure.gravatar.com\/avatar\/cef6ed9d3d7193a2753ced7fc54ca3f5?s=96&d=mm&r=g\",\"caption\":\"Levente Kondorosi\"}}]}<\/script>\n<!-- \/ Yoast SEO plugin. -->","_links":{"self":[{"href":"https:\/\/dbh-group.com\/blog\/index.php?rest_route=\/wp\/v2\/posts\/20027"}],"collection":[{"href":"https:\/\/dbh-group.com\/blog\/index.php?rest_route=\/wp\/v2\/posts"}],"about":[{"href":"https:\/\/dbh-group.com\/blog\/index.php?rest_route=\/wp\/v2\/types\/post"}],"author":[{"embeddable":true,"href":"https:\/\/dbh-group.com\/blog\/index.php?rest_route=\/wp\/v2\/users\/57"}],"replies":[{"embeddable":true,"href":"https:\/\/dbh-group.com\/blog\/index.php?rest_route=%2Fwp%2Fv2%2Fcomments&post=20027"}],"version-history":[{"count":1,"href":"https:\/\/dbh-group.com\/blog\/index.php?rest_route=\/wp\/v2\/posts\/20027\/revisions"}],"predecessor-version":[{"id":20029,"href":"https:\/\/dbh-group.com\/blog\/index.php?rest_route=\/wp\/v2\/posts\/20027\/revisions\/20029"}],"wp:featuredmedia":[{"embeddable":true,"href":"https:\/\/dbh-group.com\/blog\/index.php?rest_route=\/wp\/v2\/media\/20028"}],"wp:attachment":[{"href":"https:\/\/dbh-group.com\/blog\/index.php?rest_route=%2Fwp%2Fv2%2Fmedia&parent=20027"}],"wp:term":[{"taxonomy":"category","embeddable":true,"href":"https:\/\/dbh-group.com\/blog\/index.php?rest_route=%2Fwp%2Fv2%2Fcategories&post=20027"},{"taxonomy":"post_tag","embeddable":true,"href":"https:\/\/dbh-group.com\/blog\/index.php?rest_route=%2Fwp%2Fv2%2Ftags&post=20027"}],"curies":[{"name":"wp","href":"https:\/\/api.w.org\/{rel}","templated":true}]}}