{"id":19951,"date":"2025-06-25T08:00:00","date_gmt":"2025-06-25T06:00:00","guid":{"rendered":"https:\/\/dbh-group.com\/blog\/?p=19951"},"modified":"2025-06-20T16:06:45","modified_gmt":"2025-06-20T14:06:45","slug":"kismeretu-terek-atalakitasa-funkcionalis-szolgaltatott-irodakka","status":"publish","type":"post","link":"https:\/\/dbh-group.com\/blog\/?p=19951&lang=hu","title":{"rendered":"<strong>Kism\u00e9ret\u0171 terek \u00e1talak\u00edt\u00e1sa funkcion\u00e1lis szolg\u00e1ltatott irod\u00e1kk\u00e1<\/strong>"},"content":{"rendered":"\n<p>Kism\u00e9ret\u0171 terekb\u0151l funkcion\u00e1lis szolg\u00e1ltatott irod\u00e1kat l\u00e9trehozni kih\u00edv\u00e1s \u00e9s egyben lehet\u0151s\u00e9g is. Mivel egyre t\u00f6bb v\u00e1llalkoz\u00e1s keres rugalmas, k\u00f6lts\u00e9ghat\u00e9kony munkak\u00f6rnyezetet, a kis helyek optimaliz\u00e1l\u00e1sa az irodatervez\u00e9s alapvet\u0151 elem\u00e9v\u00e9 v\u00e1ltak. M\u00e9g a legkisebb terek is \u00e1talak\u00edthat\u00f3k hat\u00e9kony \u00e9s vonz\u00f3 munkahelyekk\u00e9 a megfelel\u0151 strat\u00e9gi\u00e1kkal. Az intelligens t\u00e9rkialak\u00edt\u00e1s, a multifunkcion\u00e1lis b\u00fatorok \u00e9s az \u00e1tgondolt technol\u00f3giai integr\u00e1ci\u00f3 f\u00f3kusz\u00e1val egyszerre biztos\u00edthat\u00f3 a hat\u00e9konys\u00e1g \u00e9s a komfort kisebb irodaterekben.<\/p>\n\n\n\n<h3><strong>Az intelligens t\u00e9rkialak\u00edt\u00e1s fontoss\u00e1ga<\/strong><\/h3>\n\n\n\n<p><\/p>\n\n\n\n<p>B\u00e1rmely iroda alapja, m\u00e9rett\u0151l f\u00fcggetlen\u00fcl, a hat\u00e9kony t\u00e9rkialak\u00edt\u00e1s. Ha a hely sz\u0171k\u00f6s, minden n\u00e9gyzetcentim\u00e9ter sz\u00e1m\u00edt. Egy j\u00f3l megtervezett elrendez\u00e9s nemcsak szervezetts\u00e9get k\u00f6lcs\u00f6n\u00f6z az irod\u00e1nak, hanem t\u00e1mogatja a produktivit\u00e1st \u00e9s a g\u00f6rd\u00fcl\u00e9keny munkafolyamatokat is.<\/p>\n\n\n\n<p>A t\u00e9r els\u0151dleges ig\u00e9nyeinek meghat\u00e1roz\u00e1s\u00e1val kell kezdeni. Csoportos\u00edtott t\u00e1vmunk\u00e1sok sz\u00e1m\u00e1ra kell teret biztos\u00edtani, \u00fcgyf\u00e9ltal\u00e1lkoz\u00f3knak adnak helyet, vagy \u00e9ppen egy\u00fcttm\u0171k\u00f6d\u00e9si k\u00f6zpontot kell kialak\u00edtani? A funkci\u00f3 meghat\u00e1roz\u00e1sa r\u00e9v\u00e9n priorit\u00e1sba helyezhet\u0151k azok az elemek, amelyek a legnagyobb ter\u00fcletet ig\u00e9nylik. P\u00e9ld\u00e1ul egy f\u0151k\u00e9nt egy\u00e9ni munk\u00e1ra haszn\u00e1lt irod\u00e1ban \u00e9rdemes strat\u00e9giailag elhelyezett munka\u00e1llom\u00e1sokat \u00e9s priv\u00e1t tereket kialak\u00edtani, m\u00edg egy \u00fcgyf\u00e9lfogad\u00e1sra szolg\u00e1l\u00f3 t\u00e9r a bar\u00e1ts\u00e1gos fogad\u00f3helyis\u00e9get helyezheti el\u0151t\u00e9rbe.<\/p>\n\n\n\n<p>Fontos szempont a mozg\u00e1si \u00fatvonalak z\u00f6kken\u0151mentess\u00e9ge is. A zs\u00fafolt folyos\u00f3k sz\u0171k\u00f6snek t\u0171n\u0151, nehezen haszn\u00e1lhat\u00f3 k\u00f6rnyezetet eredm\u00e9nyeznek. A nyitott elrendez\u00e9sek \u00e9s rugalmasan mozgatott munkaasztalok seg\u00edthetnek ennek megold\u00e1s\u00e1ban. Ha a hely lehet\u0151v\u00e9 teszi, \u00e9rdemes kihaszn\u00e1lni a vertik\u00e1lis teret p\u00e9ld\u00e1ul magas polcok \u00e9s falra szerelt t\u00e1rol\u00f3k haszn\u00e1lat\u00e1val, \u00edgy szabadulhat fel padl\u00f3t\u00e9r \u00e9s biztos\u00edthat\u00f3 a rend.<\/p>\n\n\n\n<h3><strong>A multifunkcion\u00e1lis b\u00fatorok szerepe<\/strong><\/h3>\n\n\n\n<p><\/p>\n\n\n\n<p>A multifunkcion\u00e1lis b\u00fatorok alapvet\u0151 fontoss\u00e1g\u00faak a kisebb szolg\u00e1ltatott irod\u00e1k kialak\u00edt\u00e1sakor. Az olyan darabok, amelyek t\u00f6bb c\u00e9lt is szolg\u00e1lnak, maximaliz\u00e1lj\u00e1k a t\u00e9r kihaszn\u00e1lts\u00e1g\u00e1t, mik\u00f6zben meg\u0151rzik az iroda rendezett megjelen\u00e9s\u00e9t.<\/p>\n\n\n\n<p>Az \u00f6sszecsukhat\u00f3 \u00edr\u00f3asztalok vagy t\u00e1rgyal\u00f3asztalok p\u00e9ld\u00e1ul egy t\u00e1rgyal\u00f3t egy mozdulattal munkater\u00fclett\u00e9 alak\u00edthatnak. A modul\u00e1ris, \u00e1talak\u00edthat\u00f3 \u00fcl\u0151helyek egyszerre k\u00edn\u00e1lnak megold\u00e1st a besz\u00e9lget\u00e9sekhez \u00e9s biztos\u00edtanak munka\u00e1llom\u00e1sokat az alkalmi egy\u00fcttm\u0171k\u00f6d\u00e9shez.<\/p>\n\n\n\n<p>Kiv\u00e1l\u00f3 megold\u00e1s a be\u00e9p\u00edtett b\u00fatorok haszn\u00e1lata is. Egyedi \u00edr\u00f3asztalok, falra szerelt \u00fcl\u00e9sek vagy kih\u00fazhat\u00f3 munka\u00e1llom\u00e1sok z\u00f6kken\u0151mentesen beilleszthet\u0151k az \u00e1ltal\u00e1nos diz\u00e1jnba, mik\u00f6zben minim\u00e1lis fizikai teret foglalnak el. Az \u00fcgyes t\u00e1rol\u00e1si megold\u00e1sok, p\u00e9ld\u00e1ul olyan puffok, amelyek rejtett rekeszeket tartalmaznak, vagy be\u00e9p\u00edtett fi\u00f3kos asztalok, tov\u00e1bb n\u00f6velik a funkcionalit\u00e1st an\u00e9lk\u00fcl, hogy az eszt\u00e9tik\u00e1t feladn\u00e1k.<\/p>\n\n\n\n<p>Az id\u0151t\u00e1ll\u00f3, k\u00f6nny\u0171 anyagokb\u00f3l k\u00e9sz\u00fclt b\u00fatorok v\u00e1laszt\u00e1sa lehet\u0151v\u00e9 teszi a rugalmas \u00e1trendez\u00e9st az ig\u00e9nyek v\u00e1ltoz\u00e1s\u00e1val. Ezenk\u00edv\u00fcl a semleges sz\u00ednt\u00f3nus\u00fa vagy \u00fcvegfel\u00fclet\u0171 b\u00fatorok v\u00e1laszt\u00e1sa seg\u00edthet abban, hogy az iroda t\u00e1gasabbnak t\u0171nj\u00f6n.<\/p>\n\n\n\n<h3><strong>Kellemes l\u00e9gk\u00f6r kialak\u00edt\u00e1sa kis terekben<\/strong><\/h3>\n\n\n\n<p><\/p>\n\n\n\n<p>A funkcionalit\u00e1s nem j\u00e1rhat az eszt\u00e9tikai vonzer\u0151 rov\u00e1s\u00e1ra. M\u00e9g a legkisebb szolg\u00e1ltatott irod\u00e1k is lehetnek bar\u00e1ts\u00e1gosak \u00e9s inspir\u00e1l\u00f3ak a megfelel\u0151 tervez\u00e9si elemek r\u00e9v\u00e9n.<\/p>\n\n\n\n<p>A vil\u00e1g\u00edt\u00e1s kulcsfontoss\u00e1g\u00fa t\u00e9nyez\u0151. Maximaliz\u00e1ljuk a term\u00e9szetes f\u00e9ny haszn\u00e1lat\u00e1t, p\u00e9ld\u00e1ul az \u00edr\u00f3asztalok ablak melletti elhelyez\u00e9s\u00e9vel. Ha a term\u00e9szetes f\u00e9ny nem elegend\u0151, v\u00e1lasszunk f\u00e9nyes LED-es l\u00e1mp\u00e1kat, amelyek egyenletesen vil\u00e1g\u00edtj\u00e1k meg a teret. Ker\u00fclj\u00fck a nagym\u00e9ret\u0171 mennyezeti l\u00e1mp\u00e1kat, helyett\u00fck haszn\u00e1ljunk \u00e1ll\u00f3l\u00e1mp\u00e1kat vagy falra szerelt vil\u00e1g\u00edt\u00f3testeket, amelyek kevesebb helyet foglalnak.<\/p>\n\n\n\n<p>A sz\u00ednv\u00e1laszt\u00e1s szint\u00e9n hozz\u00e1j\u00e1rulhat a t\u00e9r nyitotts\u00e1g\u00e1nak \u00e9rzet\u00e9hez. A vil\u00e1gosabb fest\u00e9k\u00e1rnyalatok, p\u00e9ld\u00e1ul a feh\u00e9rek, kr\u00e9mek vagy l\u00e1gy pasztell sz\u00ednek, t\u00e1gasabb\u00e1 \u00e9s leveg\u0151sebb\u00e9 tehetik az irod\u00e1t. Ek\u00f6zben a t\u00fckr\u00f6k visszaverik a f\u00e9nyt, \u00e9s vizu\u00e1lisan kiterjesztik a helyis\u00e9get.<\/p>\n\n\n\n<p>A z\u00f6ld elemek, p\u00e9ld\u00e1ul belt\u00e9ri n\u00f6v\u00e9nyek hozz\u00e1ad\u00e1sa nemcsak jav\u00edtja a leveg\u0151 min\u0151s\u00e9g\u00e9t, hanem nyugodt, friss\u00edt\u0151 hangulatot teremt. Kis m\u00e9ret\u0171, alacsony karbantart\u00e1st ig\u00e9nyl\u0151 n\u00f6v\u00e9nyek, p\u00e9ld\u00e1ul pozsg\u00e1sok vagy f\u00fcgg\u0151 n\u00f6v\u00e9nyek kiv\u00e1l\u00f3 v\u00e1laszt\u00e1snak bizonyulnak minimaliz\u00e1lt helyekre.<\/p>\n\n\n\n<p>A szem\u00e9lyre szabott design szint\u00e9n sokat seg\u00edthet. \u00cdzl\u00e9ses m\u0171alkot\u00e1sok, m\u00e1rk\u00e1zott dekor\u00e1ci\u00f3k \u00e9s egy\u00e9b kis diz\u00e1jnelemek sokkal otthonosabb\u00e1 teszik a teret. Amikor az \u00fcgyfelek vagy dolgoz\u00f3k j\u00f3l \u00e9rzik magukat egy \u00e1tgondolt k\u00f6rnyezetben, az pozit\u00edvan befoly\u00e1solhatja a hangulatukat \u00e9s a teljes\u00edtm\u00e9ny\u00fcket.<\/p>\n\n\n\n<h3><strong>Kis terek, nagy lehet\u0151s\u00e9gek<\/strong><\/h3>\n\n\n\n<p><\/p>\n\n\n\n<p>B\u00e1r a kism\u00e9ret\u0171 terek funkcion\u00e1lis <a href=\"https:\/\/dbh-group.com\/hu\/szolgaltatott-irodak\" target=\"_blank\" rel=\"noreferrer noopener\">szolg\u00e1ltatott irod\u00e1kk\u00e1<\/a> alak\u00edt\u00e1sa els\u0151re bonyolultnak t\u0171nhet, val\u00f3j\u00e1ban kiv\u00e1l\u00f3 alkalom az innov\u00e1ci\u00f3ra \u00e9s a kreat\u00edv gondolkod\u00e1sra. Az intelligens t\u00e9rkialak\u00edt\u00e1s, a sokoldal\u00fa b\u00fatorok \u00e9s a modern technol\u00f3gia \u00f6tv\u00f6z\u00e9se r\u00e9v\u00e9n m\u00e9g a legsz\u0171k\u00f6sebb irod\u00e1k is hat\u00e9konyak \u00e9s \u00e9lvezetesek lehetnek.<\/p>\n\n\n\n<p>Mivel a v\u00e1llalkoz\u00e1sok egyre ink\u00e1bb vonz\u00f3dnak a rugalmas, hat\u00e9kony munkahelyekhez, az optimaliz\u00e1lt kis irod\u00e1k nemcsak praktikusak, hanem rendk\u00edv\u00fcl keresettek is. Nemcsak az azonnali b\u00e9rl\u0151i ig\u00e9nyeknek felelnek meg, hanem azt is t\u00fckr\u00f6zik, hogy a szolg\u00e1ltat\u00f3 irodatervez\u00e9sben a modern megk\u00f6zel\u00edt\u00e9st \u00e9s gondoss\u00e1got k\u00e9pviseli. Ak\u00e1r a f\u00fcgg\u0151leges t\u00e9r maxim\u00e1lis kihaszn\u00e1l\u00e1s\u00e1r\u00f3l, ak\u00e1r a multifunkcion\u00e1lis berendez\u00e9sekr\u0151l vagy az intelligens tech-eszk\u00f6z\u00f6kr\u0151l van sz\u00f3, a kism\u00e9ret\u0171 szolg\u00e1ltatott irod\u00e1k bizony\u00edtj\u00e1k, hogy a sikerhez nincs sz\u00fcks\u00e9g nagy terekre.<\/p>\n","protected":false},"excerpt":{"rendered":"<p>A kis terekb\u0151l funkcion\u00e1lis szervizelt irod\u00e1t kialak\u00edtani nem lehetetlen \u2013 csak okos t\u00e9rtervez\u00e9sre, multifunkcion\u00e1lis b\u00fatorokra \u00e9s \u00e1tgondolt diz\u00e1jnra van sz\u00fcks\u00e9g.<\/p>\n","protected":false},"author":57,"featured_media":19952,"comment_status":"open","ping_status":"closed","sticky":false,"template":"","format":"standard","meta":{"_monsterinsights_skip_tracking":false,"_monsterinsights_sitenote_active":false,"_monsterinsights_sitenote_note":"","_monsterinsights_sitenote_category":0},"categories":[644,79],"tags":[],"yoast_head":"<!-- This site is optimized with the Yoast SEO plugin v15.3 - https:\/\/yoast.com\/wordpress\/plugins\/seo\/ -->\n<meta name=\"description\" content=\"Fedezd fel, hogyan alak\u00edthat\u00f3k a kis terek modern, hat\u00e9kony szervizelt irod\u00e1v\u00e1 okos elrendez\u00e9ssel \u00e9s praktikus b\u00fatorokkal.\" \/>\n<meta name=\"robots\" content=\"index, follow, max-snippet:-1, max-image-preview:large, max-video-preview:-1\" \/>\n<link rel=\"canonical\" href=\"https:\/\/dbh-group.com\/blog\/?p=19951&#038;lang=hu\" \/>\n<meta property=\"og:locale\" content=\"en_US\" \/>\n<meta property=\"og:type\" content=\"article\" \/>\n<meta property=\"og:title\" content=\"Kis terekb\u0151l nagy iroda: Szolg\u00e1ltatott iroda tippek\" \/>\n<meta property=\"og:description\" content=\"Fedezd fel, hogyan alak\u00edthat\u00f3k a kis terek modern, hat\u00e9kony szervizelt irod\u00e1v\u00e1 okos elrendez\u00e9ssel \u00e9s praktikus b\u00fatorokkal.\" \/>\n<meta property=\"og:url\" content=\"https:\/\/dbh-group.com\/blog\/?p=19951&amp;lang=hu\" \/>\n<meta property=\"og:site_name\" content=\"DBH Group\" \/>\n<meta property=\"article:publisher\" content=\"https:\/\/www.facebook.com\/THEDBHGROUP\" \/>\n<meta property=\"article:published_time\" content=\"2025-06-25T06:00:00+00:00\" \/>\n<meta property=\"article:modified_time\" content=\"2025-06-20T14:06:45+00:00\" \/>\n<meta property=\"og:image\" content=\"https:\/\/dbh-group.com\/blog\/wp-content\/uploads\/2025\/06\/8.uj_-1.jpg\" \/>\n\t<meta property=\"og:image:width\" content=\"740\" \/>\n\t<meta property=\"og:image:height\" content=\"493\" \/>\n<meta name=\"twitter:card\" content=\"summary_large_image\" \/>\n<meta name=\"twitter:creator\" content=\"@dbhgroup\" \/>\n<meta name=\"twitter:site\" content=\"@dbhgroup\" \/>\n<meta name=\"twitter:label1\" content=\"Written by\">\n\t<meta name=\"twitter:data1\" content=\"Levente Kondorosi\">\n\t<meta name=\"twitter:label2\" content=\"Est. reading time\">\n\t<meta name=\"twitter:data2\" content=\"4 minutes\">\n<script type=\"application\/ld+json\" class=\"yoast-schema-graph\">{\"@context\":\"https:\/\/schema.org\",\"@graph\":[{\"@type\":\"WebSite\",\"@id\":\"https:\/\/dbh-group.com\/blog\/#website\",\"url\":\"https:\/\/dbh-group.com\/blog\/\",\"name\":\"DBH Group\",\"description\":\"Growing Business Together\",\"potentialAction\":[{\"@type\":\"SearchAction\",\"target\":\"https:\/\/dbh-group.com\/blog\/?s={search_term_string}\",\"query-input\":\"required name=search_term_string\"}],\"inLanguage\":\"en-US\"},{\"@type\":\"ImageObject\",\"@id\":\"https:\/\/dbh-group.com\/blog\/?p=19951&lang=hu#primaryimage\",\"inLanguage\":\"en-US\",\"url\":\"https:\/\/dbh-group.com\/blog\/wp-content\/uploads\/2025\/06\/8.uj_-1.jpg\",\"width\":740,\"height\":493,\"caption\":\"DBH Serviced Office Budapest\"},{\"@type\":\"WebPage\",\"@id\":\"https:\/\/dbh-group.com\/blog\/?p=19951&lang=hu#webpage\",\"url\":\"https:\/\/dbh-group.com\/blog\/?p=19951&lang=hu\",\"name\":\"Kis terekb\\u0151l nagy iroda: Szolg\\u00e1ltatott iroda tippek\",\"isPartOf\":{\"@id\":\"https:\/\/dbh-group.com\/blog\/#website\"},\"primaryImageOfPage\":{\"@id\":\"https:\/\/dbh-group.com\/blog\/?p=19951&lang=hu#primaryimage\"},\"datePublished\":\"2025-06-25T06:00:00+00:00\",\"dateModified\":\"2025-06-20T14:06:45+00:00\",\"author\":{\"@id\":\"https:\/\/dbh-group.com\/blog\/#\/schema\/person\/f7cee06c027b1f46325ff1da9fa24af3\"},\"description\":\"Fedezd fel, hogyan alak\\u00edthat\\u00f3k a kis terek modern, hat\\u00e9kony szervizelt irod\\u00e1v\\u00e1 okos elrendez\\u00e9ssel \\u00e9s praktikus b\\u00fatorokkal.\",\"inLanguage\":\"en-US\",\"potentialAction\":[{\"@type\":\"ReadAction\",\"target\":[\"https:\/\/dbh-group.com\/blog\/?p=19951&lang=hu\"]}]},{\"@type\":\"Person\",\"@id\":\"https:\/\/dbh-group.com\/blog\/#\/schema\/person\/f7cee06c027b1f46325ff1da9fa24af3\",\"name\":\"Levente Kondorosi\",\"image\":{\"@type\":\"ImageObject\",\"@id\":\"https:\/\/dbh-group.com\/blog\/#personlogo\",\"inLanguage\":\"en-US\",\"url\":\"https:\/\/secure.gravatar.com\/avatar\/cef6ed9d3d7193a2753ced7fc54ca3f5?s=96&d=mm&r=g\",\"caption\":\"Levente Kondorosi\"}}]}<\/script>\n<!-- \/ Yoast SEO plugin. -->","_links":{"self":[{"href":"https:\/\/dbh-group.com\/blog\/index.php?rest_route=\/wp\/v2\/posts\/19951"}],"collection":[{"href":"https:\/\/dbh-group.com\/blog\/index.php?rest_route=\/wp\/v2\/posts"}],"about":[{"href":"https:\/\/dbh-group.com\/blog\/index.php?rest_route=\/wp\/v2\/types\/post"}],"author":[{"embeddable":true,"href":"https:\/\/dbh-group.com\/blog\/index.php?rest_route=\/wp\/v2\/users\/57"}],"replies":[{"embeddable":true,"href":"https:\/\/dbh-group.com\/blog\/index.php?rest_route=%2Fwp%2Fv2%2Fcomments&post=19951"}],"version-history":[{"count":1,"href":"https:\/\/dbh-group.com\/blog\/index.php?rest_route=\/wp\/v2\/posts\/19951\/revisions"}],"predecessor-version":[{"id":19953,"href":"https:\/\/dbh-group.com\/blog\/index.php?rest_route=\/wp\/v2\/posts\/19951\/revisions\/19953"}],"wp:featuredmedia":[{"embeddable":true,"href":"https:\/\/dbh-group.com\/blog\/index.php?rest_route=\/wp\/v2\/media\/19952"}],"wp:attachment":[{"href":"https:\/\/dbh-group.com\/blog\/index.php?rest_route=%2Fwp%2Fv2%2Fmedia&parent=19951"}],"wp:term":[{"taxonomy":"category","embeddable":true,"href":"https:\/\/dbh-group.com\/blog\/index.php?rest_route=%2Fwp%2Fv2%2Fcategories&post=19951"},{"taxonomy":"post_tag","embeddable":true,"href":"https:\/\/dbh-group.com\/blog\/index.php?rest_route=%2Fwp%2Fv2%2Ftags&post=19951"}],"curies":[{"name":"wp","href":"https:\/\/api.w.org\/{rel}","templated":true}]}}