{"id":19770,"date":"2025-04-16T08:00:00","date_gmt":"2025-04-16T06:00:00","guid":{"rendered":"https:\/\/dbh-group.com\/blog\/?p=19770"},"modified":"2025-04-11T14:50:34","modified_gmt":"2025-04-11T12:50:34","slug":"a-legjobb-irodaelrendezesek-kulonbozo-munkastilusokhoz","status":"publish","type":"post","link":"https:\/\/dbh-group.com\/blog\/?p=19770&lang=hu","title":{"rendered":"<strong>A legjobb irodaelrendez\u00e9sek k\u00fcl\u00f6nb\u00f6z\u0151 munkast\u00edlusokhoz<\/strong>"},"content":{"rendered":"\n<p>A hat\u00e9kony irodatervez\u00e9s t\u00f6bb mint eszt\u00e9tika \u2013 kulcsfontoss\u00e1g\u00fa szerepe van a termel\u00e9kenys\u00e9g n\u00f6vel\u00e9s\u00e9ben, az alkalmazotti el\u00e9gedetts\u00e9g fokoz\u00e1s\u00e1ban \u00e9s a k\u00fcl\u00f6nb\u00f6z\u0151 munkast\u00edlusokhoz val\u00f3 alkalmazkod\u00e1sban. Legyen sz\u00f3 ak\u00e1r egy\u00fcttm\u0171k\u00f6d\u00e9sr\u0151l, koncentr\u00e1ci\u00f3r\u00f3l vagy rugalmass\u00e1gr\u00f3l, a megfelel\u0151 elrendez\u00e9s kiv\u00e1laszt\u00e1sa jelent\u0151s hat\u00e1ssal lehet a munkahelyi hat\u00e9konys\u00e1gra.<\/p>\n\n\n\n<p>Ez az \u00fatmutat\u00f3 a legjobb irodaelrendez\u00e9seket mutatja be a k\u00fcl\u00f6nb\u00f6z\u0151 munkast\u00edlusokhoz, az egy\u00fcttm\u0171k\u00f6d\u00e9si t\u00e9rt\u0151l kezdve a m\u00e9ly koncentr\u00e1ci\u00f3ra sz\u00e1nt ter\u00fcletekig. T\u00e9m\u00e1t adunk az \u00faj irodaelrendez\u00e9si trendekr\u0151l is, mint p\u00e9ld\u00e1ul a modul\u00e1ris tervez\u00e9s, esettanulm\u00e1nyokat osztunk meg sikeres megval\u00f3s\u00edt\u00e1sokkal, \u00e9s bemutatjuk, hogyan tal\u00e1lhatj\u00e1k meg a v\u00e1llalatok a m\u0171k\u00f6d\u0151k\u00e9pess\u00e9g \u00e9s a rugalmass\u00e1g k\u00f6z\u00f6tti egyens\u00falyt.<\/p>\n\n\n\n<h3><strong>Irodaelrendez\u00e9sek az egy\u00fcttm\u0171k\u00f6d\u00e9s \u00e9s a f\u00f3kusz\u00e1lt munka sz\u00e1m\u00e1ra<\/strong><\/h3>\n\n\n\n<p><\/p>\n\n\n\n<p><strong>Egy t\u00e9r tervez\u00e9se az egy\u00fcttm\u0171k\u00f6d\u00e9shez<\/strong><br>Az egy\u00fcttm\u0171k\u00f6d\u00e9s az olyan nyitott \u00e9s hozz\u00e1f\u00e9rhet\u0151 munkak\u00f6rnyezetekben vir\u00e1gzik. A nyitott irodaelrendez\u00e9sek rendk\u00edv\u00fcl hat\u00e9konyak csapatmunka alap\u00fa projektekhez, \u00f6tletel\u00e9si \u00fcl\u00e9sekhez \u00e9s val\u00f3s idej\u0171 probl\u00e9mamegold\u00e1shoz. Az ilyen terek jellemz\u0151i a k\u00f6vetkez\u0151k:<\/p>\n\n\n\n<ul>\n<li><strong>Nagy, k\u00f6z\u00f6s asztalok<\/strong> \u2013 t\u00f6k\u00e9letesek a csapatok k\u00f6z\u00f6s munk\u00e1j\u00e1hoz.<\/li>\n\n\n\n<li><strong>B\u0151s\u00e9ges term\u00e9szetes f\u00e9ny<\/strong> \u2013 a vil\u00e1gos k\u00f6rnyezetek \u00f6szt\u00f6nzik a kreativit\u00e1st \u00e9s friss l\u00e9gk\u00f6rt biztos\u00edtanak.<\/li>\n\n\n\n<li><strong>K\u00fcl\u00f6n\u00e1ll\u00f3 pihen\u0151z\u00f3n\u00e1k<\/strong> \u2013 elk\u00fcl\u00f6n\u00edtett, inform\u00e1lis terek, amelyek lehet\u0151v\u00e9 teszik a bar\u00e1ts\u00e1gos besz\u00e9lget\u00e9seket \u00e9s az \u00f6tletel\u00e9st an\u00e9lk\u00fcl, hogy m\u00e1sokat zavarn\u00e1nak.<\/li>\n<\/ul>\n\n\n\n<p>Ezek az egy\u00fcttm\u0171k\u00f6d\u00e9si terek el\u0151seg\u00edtik a kommunik\u00e1ci\u00f3t az oszt\u00e1lyok k\u00f6z\u00f6tt, \u00e9s lehet\u0151v\u00e9 teszik a szorosabb szervezeti kult\u00fara kialak\u00edt\u00e1s\u00e1t. Azonban fontos, hogy az ir\u00e1ny\u00edtotts\u00e1got meg\u0151rizz\u00fck, hogy elker\u00fclj\u00fck a z\u0171rzavart.<\/p>\n\n\n\n<h3><strong>Priv\u00e1t z\u00f3n\u00e1k l\u00e9trehoz\u00e1sa a f\u00f3kusz\u00e1lt munk\u00e1hoz<\/strong><\/h3>\n\n\n\n<p><\/p>\n\n\n\n<p>Nem minden feladat profit\u00e1l egy zajos k\u00f6rnyezetb\u0151l. A m\u00e9ly koncentr\u00e1ci\u00f3t ig\u00e9nyl\u0151 munk\u00e1k, mint p\u00e9ld\u00e1ul a k\u00f3dol\u00e1s, \u00edr\u00e1s vagy elemz\u00e9s, csendes \u00e9s megszak\u00edt\u00e1s n\u00e9lk\u00fcli tereket ig\u00e9nyelnek. Az ilyen ig\u00e9nyek kiel\u00e9g\u00edt\u00e9s\u00e9re az al\u00e1bbiakat \u00e9rdemes figyelembe venni az irodai elrendez\u00e9sn\u00e9l:<\/p>\n\n\n\n<ul>\n<li><strong>Priv\u00e1t irod\u00e1k<\/strong> \u2013 ide\u00e1lisak vezet\u0151k \u00e9s specializ\u00e1lt feladatok sz\u00e1m\u00e1ra.<\/li>\n\n\n\n<li><strong>Hangszigetelt f\u00fclk\u00e9k<\/strong> \u2013 t\u00f6k\u00e9letesek azoknak, akik csendet keresnek k\u00f6z\u00f6s terekben.<\/li>\n\n\n\n<li><strong>K\u00f6nyvt\u00e1r-szer\u0171 csendes terek<\/strong> \u2013 kifejezetten a n\u00e9ma munk\u00e1ra sz\u00e1nt k\u00f6rnyezetek.<\/li>\n\n\n\n<li><strong>Akusztikai panelek<\/strong> \u2013 hat\u00e9konyan cs\u00f6kkentik a k\u00f6rnyezeti zajt a k\u00f6z\u00f6s helyis\u00e9gekben.<\/li>\n<\/ul>\n\n\n\n<p>A v\u00e1llalatoknak fontos, hogy a k\u00e9t t\u00edpus\u00fa t\u00e9r k\u00f6z\u00f6tt egyens\u00falyt tal\u00e1ljanak a dolgoz\u00f3k termel\u00e9kenys\u00e9g\u00e9nek biztos\u00edt\u00e1sa \u00e9rdek\u00e9ben. Az irodai terek testre szab\u00e1sa biztos\u00edtja, hogy mindenki \u2013 legyen sz\u00f3 csapatj\u00e1t\u00e9kosr\u00f3l vagy egy\u00e9ni teljes\u00edtm\u00e9nyr\u0151l \u2013 sikeresen dolgozhasson.<\/p>\n\n\n\n<h3><strong>\u00c1ll\u00edthat\u00f3 \u00e9s modul\u00e1ris irodaelrendez\u00e9s<\/strong><\/h3>\n\n\n\n<p><\/p>\n\n\n\n<p><strong>Rugalmass\u00e1g modul\u00e1ris tervez\u00e9ssel<\/strong><br>Az egyik legfontosabb irodaelrendez\u00e9si trend a modul\u00e1ris tervez\u00e9s, amely lehet\u0151v\u00e9 teszi a v\u00e1llalatok sz\u00e1m\u00e1ra, hogy k\u00f6rnyezet\u00fcket a v\u00e1ltoz\u00f3 ig\u00e9nyekhez igaz\u00edts\u00e1k. A modul\u00e1ris irodai b\u00fatorok \u00e9s \u00fajraform\u00e1lhat\u00f3 terek megk\u00f6nny\u00edtik az egy\u00fcttm\u0171k\u00f6d\u00e9si \u00e9s f\u00f3kusz\u00e1lt munkater\u00fcletek k\u00f6z\u00f6tti \u00e1tmenetet.<\/p>\n\n\n\n<p>A modul\u00e1ris tervez\u00e9s el\u0151nyei:<\/p>\n\n\n\n<ul>\n<li><strong>Sk\u00e1l\u00e1zhat\u00f3s\u00e1g<\/strong> \u2013 a b\u00fatorok \u00e9s elrendez\u00e9sek n\u00f6vekedhetnek a szervezet fejl\u0151d\u00e9s\u00e9vel.<\/li>\n\n\n\n<li><strong>K\u00f6lts\u00e9ghat\u00e9konys\u00e1g<\/strong> \u2013 a modul\u00e1ris elrendez\u00e9sek cs\u00f6kkentik a dr\u00e1ga fel\u00faj\u00edt\u00e1sok sz\u00fcks\u00e9gess\u00e9g\u00e9t.<\/li>\n\n\n\n<li><strong>V\u00e1ltozatoss\u00e1g<\/strong> \u2013 az alkalmazottak k\u00e9nyelm\u00fcknek megfelel\u0151en v\u00e1lthatnak \u00fcl\u0151asztal, \u00e1ll\u00f3asztal \u00e9s pihen\u0151sz\u00e9kek k\u00f6z\u00f6tt.<\/li>\n<\/ul>\n\n\n\n<p>P\u00e9ld\u00e1ul a modul\u00e1ris falak lehet\u0151v\u00e9 teszik, hogy a v\u00e1llalatok tereket hozzanak l\u00e9tre egyes terekben. Sz\u00fcks\u00e9g van egy t\u00e1rgyal\u00f3teremre kedden, de p\u00e9nteken egy nyitott t\u00e9rre az \u00f6tletel\u00e9shez? Az \u00e1ll\u00edthat\u00f3 elv\u00e1laszt\u00f3k z\u00f6kken\u0151mentess\u00e9 teszik az ilyen v\u00e1ltoztat\u00e1sokat.<\/p>\n\n\n\n<p><strong>A modern trendek az \u00e1ll\u00edthat\u00f3 munkater\u00fcletekben<\/strong><br>Az \u00e1ll\u00edthat\u00f3 irodaelrendez\u00e9s nemcsak a b\u00fatorokra korl\u00e1toz\u00f3dik \u2013 kiterjed a vil\u00e1g\u00edt\u00e1sra, technol\u00f3gi\u00e1ra \u00e9s m\u00e9g a h\u0151m\u00e9rs\u00e9klet-szab\u00e1lyoz\u00e1sra is. A motoros magass\u00e1g\u00e1ll\u00edt\u00e1ssal rendelkez\u0151 munka\u00e1llom\u00e1sok, mozgathat\u00f3 monitor karok \u00e9s szem\u00e9lyre szabott vil\u00e1g\u00edt\u00e1s figyelembe veszik az alkalmazottak k\u00fcl\u00f6nb\u00f6z\u0151 ig\u00e9nyeit, biztos\u00edtva a termel\u00e9keny munkak\u00f6rnyezetet minden pillanatban.<\/p>\n\n\n\n<h3><strong>Esettanulm\u00e1nyok a t\u00e9r optimaliz\u00e1l\u00e1s\u00e1ban<\/strong><\/h3>\n\n\n\n<p><\/p>\n\n\n\n<p><strong>Google dinamikus munkater\u00fcletei<\/strong><br>A Google r\u00e9g\u00f3ta ismert innovat\u00edv irodaelrendez\u00e9seir\u0151l. Munkater\u00fcleteik \u00fagy lettek kialak\u00edtva, hogy \u00f6tv\u00f6zz\u00e9k az egy\u00fcttm\u0171k\u00f6d\u00e9st \u00e9s a koncentr\u00e1ci\u00f3t. Az egy\u00fcttm\u0171k\u00f6d\u00e9si terek k\u00f6z\u00f6tt nyitott pihen\u0151helyek tal\u00e1lhat\u00f3k, m\u00edg az \u00e1ttetsz\u0151 v\u00e1laszfalak teret biztos\u00edtanak a koncentr\u00e1ci\u00f3s feladatokhoz an\u00e9lk\u00fcl, hogy teljesen elz\u00e1rn\u00e1k az alkalmazottakat egym\u00e1st\u00f3l. Ezen k\u00edv\u00fcl j\u00e1t\u00e9kos design elemek, mint a z\u00f6ld n\u00f6v\u00e9nyek \u00e9s sz\u00ednes b\u00fatorok inspir\u00e1l\u00f3 k\u00f6rnyezetet teremtenek.<\/p>\n\n\n\n<p><strong>HubSpot rugalmas irodaelrendez\u00e9se<\/strong><br>A HubSpot modul\u00e1ris irodaelrendez\u00e9st alkalmazott mozgathat\u00f3 falakkal, k\u00f6nny\u0171 b\u00fatorokkal \u00e9s k\u00f6z\u00f6s asztalokkal. Ez az elrendez\u00e9s lehet\u0151v\u00e9 teszi az alkalmazottak sz\u00e1m\u00e1ra, hogy saj\u00e1t ig\u00e9nyeiknek megfelel\u0151en alak\u00edts\u00e1k \u00e1t a munkak\u00f6rnyezet\u00fcket. A kijel\u00f6lt \u201ef\u00f3kusz z\u00f3n\u00e1k\u201d pedig csendes munkater\u00fcleteket biztos\u00edtanak azoknak, akik bonyolult projekteken dolgoznak.<\/p>\n\n\n\n<p><strong>Microsoft inkluz\u00edv elrendez\u00e9sei<\/strong><br>A Microsoft modern irod\u00e1i az inkluzivit\u00e1sra helyezik a hangs\u00falyt. Olyan tereket alak\u00edtottak ki, amelyek megfelelnek a neurodiverzit\u00e1s\u00fa alkalmazottak sz\u00e1m\u00e1ra, p\u00e9ld\u00e1ul hangszigetelt f\u00fclk\u00e9kkel, csendes szob\u00e1kkal \u00e9s meleg vil\u00e1g\u00edt\u00e1ssal. Ezen k\u00edv\u00fcl az \u00e1ll\u00edthat\u00f3 munka\u00e1llom\u00e1sok k\u00e9nyelmet biztos\u00edtanak a k\u00fcl\u00f6nb\u00f6z\u0151 fizikai ig\u00e9nyekhez.<\/p>\n\n\n\n<p>Ezek az esettanulm\u00e1nyok bemutatj\u00e1k, hogyan jav\u00edthatj\u00e1k a testre szabott irodaelrendez\u00e9sek a v\u00e1llalati kult\u00far\u00e1t, n\u00f6velhetik a termel\u00e9kenys\u00e9get \u00e9s t\u00e1mogathatj\u00e1k az inkluzivit\u00e1st.<\/p>\n\n\n\n<h3><strong>Hogyan alak\u00edtsunk ki egyens\u00falyt a munkahelyen<\/strong><\/h3>\n\n\n\n<p><\/p>\n\n\n\n<p><strong>\u00c9rt\u00e9kelj\u00fck az alkalmazottak ig\u00e9nyeit<\/strong><br>Kezdj\u00fck az alkalmazotti felm\u00e9r\u00e9sek elv\u00e9gz\u00e9s\u00e9vel, hogy meg\u00e9rts\u00fck a munkaszok\u00e1sokat \u00e9s preferenci\u00e1kat. A struktur\u00e1lt interj\u00fak \u00e9s az anonim visszajelz\u00e9sek kever\u00e9ke seg\u00edthet azonos\u00edtani, mire van sz\u00fcks\u00e9g\u00fck legink\u00e1bb az alkalmazottaknak.<\/p>\n\n\n\n<p><strong>Oszd el az teret ar\u00e1nyosan<\/strong><br>Oszd fel a munkahelyet egy\u00fcttm\u0171k\u00f6d\u00e9si \u00e9s f\u00f3kusz\u00e1l\u00e1si z\u00f3n\u00e1kra a csapat ig\u00e9nyei alapj\u00e1n:<\/p>\n\n\n\n<ul>\n<li>Nagyobb ter\u00fcleteket biztos\u00edts a ny\u00edlt egy\u00fcttm\u0171k\u00f6d\u00e9shez.<\/li>\n\n\n\n<li>K\u00fcl\u00f6n\u00edts el f\u00f3kusz\u00e1l\u00f3 z\u00f3n\u00e1kat az olyan oszt\u00e1lyok sz\u00e1m\u00e1ra, amelyek f\u00fcggetlen vagy kreat\u00edv feladatokkal foglalkoznak.<\/li>\n<\/ul>\n\n\n\n<p><strong>Bonts megosztott szolg\u00e1ltat\u00e1sokat<\/strong><br>A szolg\u00e1ltat\u00e1sok, mint p\u00e9ld\u00e1ul a k\u00e1v\u00e9z\u00f3 b\u00e1r, pihen\u0151helyek \u00e9s wellness z\u00f3n\u00e1k, k\u00f6z\u00f6sen haszn\u00e1lhat\u00f3k az oszt\u00e1lyok k\u00f6z\u00f6tt, hogy maximaliz\u00e1lj\u00e1k a hasznoss\u00e1got \u00e9s k\u00f6z\u00f6ss\u00e9gi \u00e9rz\u00e9st \u00e9p\u00edtsenek.<\/p>\n\n\n\n<p><strong>Haszn\u00e1lj technol\u00f3gi\u00e1t<\/strong><br>Haszn\u00e1lj munkahelyi analitikai eszk\u00f6z\u00f6ket a forgalmas ter\u00fcletek vagy alulhaszn\u00e1lt z\u00f3n\u00e1k azonos\u00edt\u00e1s\u00e1hoz. Az elrendez\u00e9sek val\u00f3s idej\u0171 adat alapj\u00e1n t\u00f6rt\u00e9n\u0151 m\u00f3dos\u00edt\u00e1sa biztos\u00edtja, hogy semmilyen t\u00e9r ne menjen k\u00e1rba.<\/p>\n\n\n\n<p><strong>Folyamatos fejleszt\u00e9s<\/strong><br>Az irodaelrendez\u00e9sek nem lehetnek statikusak. Minden negyed\u00e9vben \u00e9rt\u00e9keld a funkcionalit\u00e1st, \u00e9s v\u00e9gezz el v\u00e1ltoztat\u00e1sokat, ha sz\u00fcks\u00e9ges. K\u00eds\u00e9rletezz \u00faj elrendez\u00e9sekkel, hogy felfedezd a termel\u00e9kenys\u00e9g \u00e9s alkalmazotti el\u00e9gedetts\u00e9g javul\u00e1s\u00e1t.<\/p>\n\n\n\n<h3><strong>T\u00e9r minden munkast\u00edlushoz<\/strong><\/h3>\n\n\n\n<p><\/p>\n\n\n\n<p>A t\u00f6k\u00e9letes irodaelrendez\u00e9s megtervez\u00e9se nem arr\u00f3l sz\u00f3l, hogy v\u00e1lasszunk az egy\u00fcttm\u0171k\u00f6d\u00e9s \u00e9s a koncentr\u00e1ci\u00f3 k\u00f6z\u00f6tt \u2013 hanem arr\u00f3l, hogy mindkett\u0151t z\u00f6kken\u0151mentesen integr\u00e1ljuk. Ha a teret k\u00fcl\u00f6nb\u00f6z\u0151 munkast\u00edlusokhoz igaz\u00edtjuk, olyan termel\u00e9keny munkak\u00f6rnyezetet alak\u00edthatunk ki, amely a csapatunk <a href=\"https:\/\/dbh-group.com\/hu\/szolgaltatott-irodak\" target=\"_blank\" rel=\"noreferrer noopener\">egyedi ig\u00e9nyeire<\/a> szabott.<\/p>\n\n\n\n<p>\u00c9rdekel a t\u00e9r \u00e1talak\u00edt\u00e1sa? Fedezd fel az \u00faj irodaelrendez\u00e9si trendeket \u00e9s a rugalmas megold\u00e1sokat, hogy megalkothasd a holnapi munkahelyet.<\/p>\n","protected":false},"excerpt":{"rendered":"<p>Ismerd meg, hogyan alak\u00edthatod ki a t\u00f6k\u00e9letes irodaelrendez\u00e9st, amely k\u00fcl\u00f6nb\u00f6z\u0151 munkast\u00edlusokhoz igazodik, n\u00f6velve az egy\u00fcttm\u0171k\u00f6d\u00e9st, a koncentr\u00e1ci\u00f3t \u00e9s a termel\u00e9kenys\u00e9get. Fedezd fel a modul\u00e1ris irodaelrendez\u00e9seket, \u00e1ll\u00edthat\u00f3 munkater\u00fcleteket \u00e9s az \u00faj trendeket, amelyek rugalmas, hat\u00e9kony k\u00f6rnyezetet teremtenek.<\/p>\n","protected":false},"author":57,"featured_media":19771,"comment_status":"open","ping_status":"closed","sticky":false,"template":"","format":"standard","meta":{"_monsterinsights_skip_tracking":false,"_monsterinsights_sitenote_active":false,"_monsterinsights_sitenote_note":"","_monsterinsights_sitenote_category":0},"categories":[644,79],"tags":[],"yoast_head":"<!-- This site is optimized with the Yoast SEO plugin v15.3 - https:\/\/yoast.com\/wordpress\/plugins\/seo\/ -->\n<meta name=\"description\" content=\"Fedezd fel a legjobb irodaelrendez\u00e9seket az egy\u00fcttm\u0171k\u00f6d\u00e9s \u00e9s f\u00f3kusz\u00e1l\u00e1s \u00e9rdek\u00e9ben. Tudd meg, hogyan teremthetnek a modul\u00e1ris elrendez\u00e9sek \u00e9s az \u00e1ll\u00edthat\u00f3 munkater\u00fcletek rugalmas k\u00f6rnyezetet, amely n\u00f6veli a termel\u00e9kenys\u00e9get \u00e9s alkalmazotti el\u00e9gedetts\u00e9get.\" \/>\n<meta name=\"robots\" content=\"index, follow, max-snippet:-1, max-image-preview:large, max-video-preview:-1\" \/>\n<link rel=\"canonical\" href=\"https:\/\/dbh-group.com\/blog\/?p=19770&#038;lang=hu\" \/>\n<meta property=\"og:locale\" content=\"en_US\" \/>\n<meta property=\"og:type\" content=\"article\" \/>\n<meta property=\"og:title\" content=\"Legjobb irodaelrendez\u00e9sek egy\u00fcttm\u0171k\u00f6d\u00e9shez \u00e9s f\u00f3kusz\u00e1l\u00e1shoz\" \/>\n<meta property=\"og:description\" content=\"Fedezd fel a legjobb irodaelrendez\u00e9seket az egy\u00fcttm\u0171k\u00f6d\u00e9s \u00e9s f\u00f3kusz\u00e1l\u00e1s \u00e9rdek\u00e9ben. Tudd meg, hogyan teremthetnek a modul\u00e1ris elrendez\u00e9sek \u00e9s az \u00e1ll\u00edthat\u00f3 munkater\u00fcletek rugalmas k\u00f6rnyezetet, amely n\u00f6veli a termel\u00e9kenys\u00e9get \u00e9s alkalmazotti el\u00e9gedetts\u00e9get.\" \/>\n<meta property=\"og:url\" content=\"https:\/\/dbh-group.com\/blog\/?p=19770&amp;lang=hu\" \/>\n<meta property=\"og:site_name\" content=\"DBH Group\" \/>\n<meta property=\"article:publisher\" content=\"https:\/\/www.facebook.com\/THEDBHGROUP\" \/>\n<meta property=\"article:published_time\" content=\"2025-04-16T06:00:00+00:00\" \/>\n<meta property=\"article:modified_time\" content=\"2025-04-11T12:50:34+00:00\" \/>\n<meta property=\"og:image\" content=\"https:\/\/dbh-group.com\/blog\/wp-content\/uploads\/2025\/04\/cikk3-1.png\" \/>\n\t<meta property=\"og:image:width\" content=\"1024\" \/>\n\t<meta property=\"og:image:height\" content=\"1024\" \/>\n<meta name=\"twitter:card\" content=\"summary_large_image\" \/>\n<meta name=\"twitter:creator\" content=\"@dbhgroup\" \/>\n<meta name=\"twitter:site\" content=\"@dbhgroup\" \/>\n<meta name=\"twitter:label1\" content=\"Written by\">\n\t<meta name=\"twitter:data1\" content=\"Levente Kondorosi\">\n\t<meta name=\"twitter:label2\" content=\"Est. reading time\">\n\t<meta name=\"twitter:data2\" content=\"6 minutes\">\n<script type=\"application\/ld+json\" class=\"yoast-schema-graph\">{\"@context\":\"https:\/\/schema.org\",\"@graph\":[{\"@type\":\"WebSite\",\"@id\":\"https:\/\/dbh-group.com\/blog\/#website\",\"url\":\"https:\/\/dbh-group.com\/blog\/\",\"name\":\"DBH Group\",\"description\":\"Growing Business Together\",\"potentialAction\":[{\"@type\":\"SearchAction\",\"target\":\"https:\/\/dbh-group.com\/blog\/?s={search_term_string}\",\"query-input\":\"required name=search_term_string\"}],\"inLanguage\":\"en-US\"},{\"@type\":\"ImageObject\",\"@id\":\"https:\/\/dbh-group.com\/blog\/?p=19770&lang=hu#primaryimage\",\"inLanguage\":\"en-US\",\"url\":\"https:\/\/dbh-group.com\/blog\/wp-content\/uploads\/2025\/04\/cikk3-1.png\",\"width\":1024,\"height\":1024,\"caption\":\"DBH Serviced Office Budapest\"},{\"@type\":\"WebPage\",\"@id\":\"https:\/\/dbh-group.com\/blog\/?p=19770&lang=hu#webpage\",\"url\":\"https:\/\/dbh-group.com\/blog\/?p=19770&lang=hu\",\"name\":\"Legjobb irodaelrendez\\u00e9sek egy\\u00fcttm\\u0171k\\u00f6d\\u00e9shez \\u00e9s f\\u00f3kusz\\u00e1l\\u00e1shoz\",\"isPartOf\":{\"@id\":\"https:\/\/dbh-group.com\/blog\/#website\"},\"primaryImageOfPage\":{\"@id\":\"https:\/\/dbh-group.com\/blog\/?p=19770&lang=hu#primaryimage\"},\"datePublished\":\"2025-04-16T06:00:00+00:00\",\"dateModified\":\"2025-04-11T12:50:34+00:00\",\"author\":{\"@id\":\"https:\/\/dbh-group.com\/blog\/#\/schema\/person\/f7cee06c027b1f46325ff1da9fa24af3\"},\"description\":\"Fedezd fel a legjobb irodaelrendez\\u00e9seket az egy\\u00fcttm\\u0171k\\u00f6d\\u00e9s \\u00e9s f\\u00f3kusz\\u00e1l\\u00e1s \\u00e9rdek\\u00e9ben. Tudd meg, hogyan teremthetnek a modul\\u00e1ris elrendez\\u00e9sek \\u00e9s az \\u00e1ll\\u00edthat\\u00f3 munkater\\u00fcletek rugalmas k\\u00f6rnyezetet, amely n\\u00f6veli a termel\\u00e9kenys\\u00e9get \\u00e9s alkalmazotti el\\u00e9gedetts\\u00e9get.\",\"inLanguage\":\"en-US\",\"potentialAction\":[{\"@type\":\"ReadAction\",\"target\":[\"https:\/\/dbh-group.com\/blog\/?p=19770&lang=hu\"]}]},{\"@type\":\"Person\",\"@id\":\"https:\/\/dbh-group.com\/blog\/#\/schema\/person\/f7cee06c027b1f46325ff1da9fa24af3\",\"name\":\"Levente Kondorosi\",\"image\":{\"@type\":\"ImageObject\",\"@id\":\"https:\/\/dbh-group.com\/blog\/#personlogo\",\"inLanguage\":\"en-US\",\"url\":\"https:\/\/secure.gravatar.com\/avatar\/cef6ed9d3d7193a2753ced7fc54ca3f5?s=96&d=mm&r=g\",\"caption\":\"Levente Kondorosi\"}}]}<\/script>\n<!-- \/ Yoast SEO plugin. -->","_links":{"self":[{"href":"https:\/\/dbh-group.com\/blog\/index.php?rest_route=\/wp\/v2\/posts\/19770"}],"collection":[{"href":"https:\/\/dbh-group.com\/blog\/index.php?rest_route=\/wp\/v2\/posts"}],"about":[{"href":"https:\/\/dbh-group.com\/blog\/index.php?rest_route=\/wp\/v2\/types\/post"}],"author":[{"embeddable":true,"href":"https:\/\/dbh-group.com\/blog\/index.php?rest_route=\/wp\/v2\/users\/57"}],"replies":[{"embeddable":true,"href":"https:\/\/dbh-group.com\/blog\/index.php?rest_route=%2Fwp%2Fv2%2Fcomments&post=19770"}],"version-history":[{"count":1,"href":"https:\/\/dbh-group.com\/blog\/index.php?rest_route=\/wp\/v2\/posts\/19770\/revisions"}],"predecessor-version":[{"id":19772,"href":"https:\/\/dbh-group.com\/blog\/index.php?rest_route=\/wp\/v2\/posts\/19770\/revisions\/19772"}],"wp:featuredmedia":[{"embeddable":true,"href":"https:\/\/dbh-group.com\/blog\/index.php?rest_route=\/wp\/v2\/media\/19771"}],"wp:attachment":[{"href":"https:\/\/dbh-group.com\/blog\/index.php?rest_route=%2Fwp%2Fv2%2Fmedia&parent=19770"}],"wp:term":[{"taxonomy":"category","embeddable":true,"href":"https:\/\/dbh-group.com\/blog\/index.php?rest_route=%2Fwp%2Fv2%2Fcategories&post=19770"},{"taxonomy":"post_tag","embeddable":true,"href":"https:\/\/dbh-group.com\/blog\/index.php?rest_route=%2Fwp%2Fv2%2Ftags&post=19770"}],"curies":[{"name":"wp","href":"https:\/\/api.w.org\/{rel}","templated":true}]}}