{"id":18565,"date":"2022-03-28T12:39:35","date_gmt":"2022-03-28T10:39:35","guid":{"rendered":"https:\/\/dbh-group.com\/blog\/?p=18565"},"modified":"2022-03-28T12:39:36","modified_gmt":"2022-03-28T10:39:36","slug":"klimavaltozas-innovacio-es-gazdasagi-osszefuggesek","status":"publish","type":"post","link":"https:\/\/dbh-group.com\/blog\/?p=18565&lang=hu","title":{"rendered":"Kl\u00edmav\u00e1ltoz\u00e1s, innov\u00e1ci\u00f3 \u00e9s gazdas\u00e1gi \u00f6sszef\u00fcgg\u00e9sek"},"content":{"rendered":"\n<p>A <strong><span class=\"has-inline-color has-vivid-cyan-blue-color\">G\u00e1bor D\u00e9nes D\u00edjasok Klubja<\/span><\/strong> febru\u00e1r 23-\u00e1n online rendezte meg Kl\u00edmanapj\u00e1t, ahol h\u00e1rom gondolat\u00e9breszt\u0151 el\u0151ad\u00e1st hallhattunk az \u00e9ghajlatv\u00e1ltoz\u00e1s jelent\u0151s\u00e9g\u00e9r\u0151l, k\u00f6vetkezm\u00e9nyeir\u0151l, valamint annak gazdas\u00e1gi kihat\u00e1sair\u00f3l.<\/p>\n\n\n\n<p><strong><span class=\"has-inline-color has-vivid-cyan-blue-color\">Dr. \u00dcrge-Vorsatz Diana<\/span><\/strong> , a CEU professzora, elismert kl\u00edmakutat\u00f3 \u00e9s fizikus, a Nobel B\u00e9ked\u00edjjal kit\u00fcntetett <strong><span class=\"has-inline-color has-vivid-cyan-blue-color\">IPCC<\/span><\/strong> egyik aleln\u00f6ke kezdte a programot. El\u0151ad\u00e1s\u00e1ban az IPCC F\u00f6ld\u00fcnk jelenlegi \u00e1llapot\u00e1t \u00e9rt\u00e9kel\u0151 jelent\u00e9s\u00e9t mutatta be, mely agg\u00f3d\u00e1sra, de rem\u00e9nyre is b\u0151ven ad okot.<\/p>\n\n\n\n<p>Az elm\u00falt \u00e9vek n\u00f6vekv\u0151 sz\u00e1m\u00fa sz\u00e9ls\u0151s\u00e9ges id\u0151j\u00e1r\u00e1si jelens\u00e9gei egy\u00e9rtelm\u0171en utalnak arra, hogy visszaford\u00edthatatlan v\u00e1ltoz\u00e1sok mennek v\u00e9gbe f\u00f6ld\u00fcnk\u00f6n, de ez nem jelenti azt, hogy tehetetlenek lenn\u00e9nk. Ugyan a korallz\u00e1tonyok \u00e9l\u0151vil\u00e1g\u00e1t szinte biztosan elvesztett\u00fck, m\u00e9g sz\u00e1mos olyan \u00e9ghajlati billen\u0151pont van el\u0151tt\u00fcnk, melyeket komoly elk\u00f6telez\u0151d\u00e9s mellett elker\u00fclhet\u00fcnk.<\/p>\n\n\n\n<p>140 \u00e1llam k\u00f6telezte el mag\u00e1t a P\u00e1rizsi Egyezm\u00e9nyben arra, hogy 2050-ig kett\u0151 fokra korl\u00e1tozzuk a glob\u00e1lis felmeleged\u00e9s szintj\u00e9t. Amennyiben el\u00e9rj\u00fck ezt a c\u00e9lt, m\u00e9g van es\u00e9ly arra, hogy meg\u00e1ll\u00edtsuk a j\u00e9gtakar\u00f3 erod\u00e1l\u00e1s\u00e1t, megments\u00fck az Amazonasi es\u0151erd\u0151ket, vagy hogy megakad\u00e1lyozzuk a Golf-\u00e1ramlat \u00f6sszeoml\u00e1s\u00e1t.<\/p>\n\n\n\n<p>Ellenkez\u0151 esetben komoly k\u00f6vetkezm\u00e9nyekkel kell szemben\u00e9zn\u00fcnk, melyek nem csak a glob\u00e1lis h\u0151m\u00e9rs\u00e9klet n\u00f6veked\u00e9s\u00e9t fogj\u00e1k okozni, de 3,5 milli\u00e1rd ember fog olyan ter\u00fcleten \u00e9lni, aminek a kl\u00edm\u00e1ja nem lesz alkalmas arra, hogy emberek \u00e9ljenek rajta.<\/p>\n\n\n\n<p>A glob\u00e1lis felmeleged\u00e9s \u00e9s \u00fcvegh\u00e1zhat\u00e1s\u00fa g\u00e1zok vesz\u00e9lyeit <strong><span class=\"has-inline-color has-vivid-cyan-blue-color\">Dr. Bartholy Judit<\/span><\/strong> az ELTE professzora, meteorol\u00f3gus, a F\u00f6ldtudom\u00e1nyi Doktori Iskola vezet\u0151je is r\u00e9szletezte, mint a konferencia m\u00e1sodik el\u0151ad\u00f3ja.<\/p>\n\n\n\n<p>A 2021 november\u00e9ben tartott Glasgow-i COP 26 Kl\u00edmakonferenci\u00e1ba nyerhett\u00fcnk betekint\u00e9st \u00e1ltala. Megt\u00e1rgyalt\u00e1k, \u00e9s elfogadt\u00e1k, hogy a P\u00e1rizsban v\u00e1llalt 2 fok helyett m\u00e1sf\u00e9l fokos meleged\u00e9st kellene kit\u0171zni, ugyanis a folyamatos \u00e9ghajlati v\u00e1ltoz\u00e1sok olyan nem ismert jelens\u00e9gekkel j\u00e1rnak, melyekre nem vagyunk, \u00e9s nem is tudunk felk\u00e9sz\u00fclni. Sokat v\u00e1rni sem kell ezekre, hiszen a Csehorsz\u00e1gban puszt\u00edt\u00f3 torn\u00e1d\u00f3 \u00e9s a N\u00e9metorsz\u00e1g sz\u00e1mos vid\u00e9k\u00e9t \u00e9rint\u0151 \u00e1rad\u00e1sok olyan id\u0151j\u00e1r\u00e1si rendelleness\u00e9gek voltak, melyekre eddig nem volt p\u00e9lda.<\/p>\n\n\n\n<p>A nyomaszt\u00f3 term\u00e9szeti katasztr\u00f3f\u00e1k mellett azonban volt ok \u00f6r\u00f6mre is. Ugyanis soha nem l\u00e1tott m\u00e9ret\u0171 politikai elk\u00f6telez\u0151d\u00e9s is t\u00f6rt\u00e9nt a v\u00e1ltoz\u00e1sok ir\u00e1ny\u00e1ba. Pl: V\u00e1llalt\u00e1k, hogy cs\u00f6kkenteni fogj\u00e1k a k\u0151sz\u00e9n felhaszn\u00e1l\u00e1st, meg\u00e1ll\u00edtj\u00e1k az intenz\u00edv erd\u0151irt\u00e1si folyamatokat, cs\u00f6kkentik a met\u00e1n kibocs\u00e1t\u00e1s\u00e1t \u00e9s felgyors\u00edtj\u00e1k az elektromos j\u00e1rm\u0171vekre val\u00f3 \u00e1tt\u00e9r\u00e9st. Tov\u00e1bb\u00e1 71 orsz\u00e1g v\u00e1llalta a karbonsemlegess\u00e9get.<\/p>\n\n\n\n<p>Politikai amb\u00edci\u00f3k \u00e9s \u00edg\u00e9retek azonban kor\u00e1ntsem elegend\u0151ek egy \u00e9lhet\u0151 j\u00f6v\u0151 biztos\u00edt\u00e1s\u00e1hoz. A DBH Investment igazgat\u00f3s\u00e1gi tagja, <strong><span class=\"has-inline-color has-vivid-cyan-blue-color\">Dr. \u00dcrge L\u00e1szl\u00f3<\/span><\/strong>, G\u00e1bor D\u00e9nes D\u00edjas vegy\u00e9sz, a Pannon Egyetem C\u00edmzetes Egyetemi tan\u00e1ra a gazdas\u00e1gi rendszerek m\u0171k\u00f6d\u00e9s\u00e9t elemezve mutatta be a lek\u00fczdend\u0151 akad\u00e1lyokat.<\/p>\n\n\n\n<p>Az emberi fogyaszt\u00e1s \u00e9s azt t\u00e1mogat\u00f3 gazdas\u00e1gi tev\u00e9kenys\u00e9g olyan m\u00e9rt\u00e9kben haszn\u00e1lja a f\u00f6ld v\u00e9ges er\u0151forr\u00e1sait, hogy ha \u00edgy haladunk tov\u00e1bb, 2050-re 3 f\u00f6ldre lesz sz\u00fcks\u00e9g a jelenlegi gazdas\u00e1gi rendszer fenntart\u00e1s\u00e1hoz. Tov\u00e1bb\u00e1 a be\u00e9p\u00edtett carbon l\u00e1bnyoma a gazdas\u00e1gi tev\u00e9kenys\u00e9gnek nincs figyelembe v\u00e9ve, \u00e9s ennek cs\u00f6kkent\u00e9se j\u00f3val komplexebb feladat az energia szektor z\u00f6ld\u00edt\u00e9s\u00e9n\u00e9l. Kimutatta, hogy a meg\u00fajul\u00f3 energiaforr\u00e1sok gy\u00e1rt\u00e1sa is komoly carbon l\u00e1bnyommal j\u00e1r, valamint az \u00e9letciklusuk v\u00e9g\u00e9n nem sz\u00e1molunk a z\u00f6ld energia rendszerekb\u0151l keletkez\u0151 hullad\u00e9k kezel\u00e9s\u00e9nek probl\u00e9m\u00e1j\u00e1val. Az eredm\u00e9ny, hogy a k\u00f6rforg\u00e1sos gazdas\u00e1gra val\u00f3 rendszerszint\u0171 \u00e1t\u00e1ll\u00e1s n\u00e9lk\u00fcl, nincs val\u00f3di es\u00e9ly a kl\u00edmac\u00e9lok el\u00e9r\u00e9s\u00e9re.<\/p>\n\n\n\n<p>A m\u0171anyag gy\u00e1rt\u00e1s probl\u00e9m\u00e1j\u00e1n kereszt\u00fcl levezette, a decarboniz\u00e1ci\u00f3, valamint a be\u00e9p\u00edtett carbon l\u00e1bnyom probl\u00e9m\u00e1j\u00e1t. Sz\u00e1m\u00edt\u00e1sokkal ker\u00fclt bizony\u00edt\u00e1sra, hogy a jelenlegi line\u00e1ris gazdas\u00e1gi modellben a dekarboniz\u00e1ci\u00f3 csak egy bizonyos szintig juthat el. A teljes cs\u00f6kkent\u00e9st csak a k\u00f6rforg\u00e1sos gazdas\u00e1gra val\u00f3 \u00e1t\u00e1ll\u00e1s hozhatja el. Tov\u00e1bb\u00e1 csak \u00edgy van lehet\u0151s\u00e9g\u00fcnk, hogy a fenntarthatatlan er\u0151forr\u00e1s kitermel\u00e9st fenntarthat\u00f3 mederbe terelj\u00e9k a gazdas\u00e1gi szerepl\u0151k.<\/p>\n\n\n\n<p><strong>De v\u00e9gs\u0151 konkl\u00fazi\u00f3k\u00e9nt azt lehet levonni, hogy a legnagyobb hat\u00e1st a fenntarthat\u00f3 fogyaszt\u00e1ssal \u00e9rheti el az emberis\u00e9g, mely val\u00f3j\u00e1ban meghat\u00e1rozza a fenntarthat\u00f3 fejl\u0151d\u00e9s ir\u00e1ny\u00e1t is.<\/strong><\/p>\n","protected":false},"excerpt":{"rendered":"<p>A G\u00e1bor D\u00e9nes D\u00edjasok Klubja febru\u00e1r 23-\u00e1n online rendezte meg Kl\u00edmanapj\u00e1t, ahol h\u00e1rom gondolat\u00e9breszt\u0151 el\u0151ad\u00e1st hallhattunk az \u00e9ghajlatv\u00e1ltoz\u00e1s jelent\u0151s\u00e9g\u00e9r\u0151l, k\u00f6vetkezm\u00e9nyeir\u0151l, valamint annak gazdas\u00e1gi kihat\u00e1sair\u00f3l.<\/p>\n<p>Dr. \u00dcrge-Vorsatz Diana , a CEU professzora, elismert kl\u00edmakutat\u00f3 \u00e9s fizikus, a Nobel B\u00e9ked\u00edjjal kit\u00fcntetett IPCC egyik aleln\u00f6ke kezdte a programot. El\u0151ad\u00e1s\u00e1ban az IPCC F\u00f6ld\u00fcnk jelenlegi \u00e1llapot\u00e1t \u00e9rt\u00e9kel\u0151 jelent\u00e9s\u00e9t mutatta be,<\/p>\n<p> <a href=\"https:\/\/dbh-group.com\/blog\/?p=18565&#038;lang=hu\">Read more<\/a><\/p>\n","protected":false},"author":53,"featured_media":18566,"comment_status":"open","ping_status":"closed","sticky":false,"template":"","format":"standard","meta":{"_monsterinsights_skip_tracking":false,"_monsterinsights_sitenote_active":false,"_monsterinsights_sitenote_note":"","_monsterinsights_sitenote_category":0},"categories":[683],"tags":[],"yoast_head":"<!-- This site is optimized with the Yoast SEO plugin v15.3 - https:\/\/yoast.com\/wordpress\/plugins\/seo\/ -->\n<meta name=\"robots\" content=\"index, follow, max-snippet:-1, max-image-preview:large, max-video-preview:-1\" \/>\n<link rel=\"canonical\" href=\"https:\/\/dbh-group.com\/blog\/?p=18565&#038;lang=hu\" \/>\n<meta property=\"og:locale\" content=\"en_US\" \/>\n<meta property=\"og:type\" content=\"article\" \/>\n<meta property=\"og:title\" content=\"Kl\u00edmav\u00e1ltoz\u00e1s, innov\u00e1ci\u00f3 \u00e9s gazdas\u00e1gi \u00f6sszef\u00fcgg\u00e9sek | DBH Group\" \/>\n<meta property=\"og:description\" content=\"A G\u00e1bor D\u00e9nes D\u00edjasok Klubja febru\u00e1r 23-\u00e1n online rendezte meg Kl\u00edmanapj\u00e1t, ahol h\u00e1rom gondolat\u00e9breszt\u0151 el\u0151ad\u00e1st hallhattunk az \u00e9ghajlatv\u00e1ltoz\u00e1s jelent\u0151s\u00e9g\u00e9r\u0151l, k\u00f6vetkezm\u00e9nyeir\u0151l, valamint annak gazdas\u00e1gi kihat\u00e1sair\u00f3l.  Dr. \u00dcrge-Vorsatz Diana , a CEU professzora, elismert kl\u00edmakutat\u00f3 \u00e9s fizikus, a Nobel B\u00e9ked\u00edjjal kit\u00fcntetett IPCC egyik aleln\u00f6ke kezdte a programot. El\u0151ad\u00e1s\u00e1ban az IPCC F\u00f6ld\u00fcnk jelenlegi \u00e1llapot\u00e1t \u00e9rt\u00e9kel\u0151 jelent\u00e9s\u00e9t mutatta be, Read more\" \/>\n<meta property=\"og:url\" content=\"https:\/\/dbh-group.com\/blog\/?p=18565&amp;lang=hu\" \/>\n<meta property=\"og:site_name\" content=\"DBH Group\" \/>\n<meta property=\"article:publisher\" content=\"https:\/\/www.facebook.com\/THEDBHGROUP\" \/>\n<meta property=\"article:published_time\" content=\"2022-03-28T10:39:35+00:00\" \/>\n<meta property=\"article:modified_time\" content=\"2022-03-28T10:39:36+00:00\" \/>\n<meta property=\"og:image\" content=\"https:\/\/dbh-group.com\/blog\/wp-content\/uploads\/2022\/03\/dbh_investment_klima-1.jpg\" \/>\n\t<meta property=\"og:image:width\" content=\"1234\" \/>\n\t<meta property=\"og:image:height\" content=\"556\" \/>\n<meta name=\"twitter:card\" content=\"summary_large_image\" \/>\n<meta name=\"twitter:creator\" content=\"@dbhgroup\" \/>\n<meta name=\"twitter:site\" content=\"@dbhgroup\" \/>\n<meta name=\"twitter:label1\" content=\"Written by\">\n\t<meta name=\"twitter:data1\" content=\"Klaudia G\u00e1sp\u00e1r\">\n\t<meta name=\"twitter:label2\" content=\"Est. reading time\">\n\t<meta name=\"twitter:data2\" content=\"4 minutes\">\n<script type=\"application\/ld+json\" class=\"yoast-schema-graph\">{\"@context\":\"https:\/\/schema.org\",\"@graph\":[{\"@type\":\"WebSite\",\"@id\":\"https:\/\/dbh-group.com\/blog\/#website\",\"url\":\"https:\/\/dbh-group.com\/blog\/\",\"name\":\"DBH Group\",\"description\":\"Growing Business Together\",\"potentialAction\":[{\"@type\":\"SearchAction\",\"target\":\"https:\/\/dbh-group.com\/blog\/?s={search_term_string}\",\"query-input\":\"required name=search_term_string\"}],\"inLanguage\":\"en-US\"},{\"@type\":\"ImageObject\",\"@id\":\"https:\/\/dbh-group.com\/blog\/?p=18565&lang=hu#primaryimage\",\"inLanguage\":\"en-US\",\"url\":\"https:\/\/dbh-group.com\/blog\/wp-content\/uploads\/2022\/03\/dbh_investment_klima-1.jpg\",\"width\":1234,\"height\":556,\"caption\":\"Klimavaltozas-DBH-Investment\"},{\"@type\":\"WebPage\",\"@id\":\"https:\/\/dbh-group.com\/blog\/?p=18565&lang=hu#webpage\",\"url\":\"https:\/\/dbh-group.com\/blog\/?p=18565&lang=hu\",\"name\":\"Kl\\u00edmav\\u00e1ltoz\\u00e1s, innov\\u00e1ci\\u00f3 \\u00e9s gazdas\\u00e1gi \\u00f6sszef\\u00fcgg\\u00e9sek | DBH Group\",\"isPartOf\":{\"@id\":\"https:\/\/dbh-group.com\/blog\/#website\"},\"primaryImageOfPage\":{\"@id\":\"https:\/\/dbh-group.com\/blog\/?p=18565&lang=hu#primaryimage\"},\"datePublished\":\"2022-03-28T10:39:35+00:00\",\"dateModified\":\"2022-03-28T10:39:36+00:00\",\"author\":{\"@id\":\"https:\/\/dbh-group.com\/blog\/#\/schema\/person\/25d6f75e0a2bdc8c4d3199758737f249\"},\"inLanguage\":\"en-US\",\"potentialAction\":[{\"@type\":\"ReadAction\",\"target\":[\"https:\/\/dbh-group.com\/blog\/?p=18565&lang=hu\"]}]},{\"@type\":\"Person\",\"@id\":\"https:\/\/dbh-group.com\/blog\/#\/schema\/person\/25d6f75e0a2bdc8c4d3199758737f249\",\"name\":\"Klaudia G\\u00e1sp\\u00e1r\",\"image\":{\"@type\":\"ImageObject\",\"@id\":\"https:\/\/dbh-group.com\/blog\/#personlogo\",\"inLanguage\":\"en-US\",\"url\":\"https:\/\/secure.gravatar.com\/avatar\/cf31999885133f2ac18d19267462067e?s=96&d=mm&r=g\",\"caption\":\"Klaudia G\\u00e1sp\\u00e1r\"},\"sameAs\":[\"https:\/\/dbh-group.com\/blog\/\"]}]}<\/script>\n<!-- \/ Yoast SEO plugin. -->","_links":{"self":[{"href":"https:\/\/dbh-group.com\/blog\/index.php?rest_route=\/wp\/v2\/posts\/18565"}],"collection":[{"href":"https:\/\/dbh-group.com\/blog\/index.php?rest_route=\/wp\/v2\/posts"}],"about":[{"href":"https:\/\/dbh-group.com\/blog\/index.php?rest_route=\/wp\/v2\/types\/post"}],"author":[{"embeddable":true,"href":"https:\/\/dbh-group.com\/blog\/index.php?rest_route=\/wp\/v2\/users\/53"}],"replies":[{"embeddable":true,"href":"https:\/\/dbh-group.com\/blog\/index.php?rest_route=%2Fwp%2Fv2%2Fcomments&post=18565"}],"version-history":[{"count":2,"href":"https:\/\/dbh-group.com\/blog\/index.php?rest_route=\/wp\/v2\/posts\/18565\/revisions"}],"predecessor-version":[{"id":18569,"href":"https:\/\/dbh-group.com\/blog\/index.php?rest_route=\/wp\/v2\/posts\/18565\/revisions\/18569"}],"wp:featuredmedia":[{"embeddable":true,"href":"https:\/\/dbh-group.com\/blog\/index.php?rest_route=\/wp\/v2\/media\/18566"}],"wp:attachment":[{"href":"https:\/\/dbh-group.com\/blog\/index.php?rest_route=%2Fwp%2Fv2%2Fmedia&parent=18565"}],"wp:term":[{"taxonomy":"category","embeddable":true,"href":"https:\/\/dbh-group.com\/blog\/index.php?rest_route=%2Fwp%2Fv2%2Fcategories&post=18565"},{"taxonomy":"post_tag","embeddable":true,"href":"https:\/\/dbh-group.com\/blog\/index.php?rest_route=%2Fwp%2Fv2%2Ftags&post=18565"}],"curies":[{"name":"wp","href":"https:\/\/api.w.org\/{rel}","templated":true}]}}