{"id":18196,"date":"2021-03-17T15:52:46","date_gmt":"2021-03-17T14:52:46","guid":{"rendered":"https:\/\/dbh-group.com\/blog\/?p=18196"},"modified":"2021-03-30T22:18:06","modified_gmt":"2021-03-30T20:18:06","slug":"irodagaleria-nyilt-a-legujabb-debreceni-centerunkben","status":"publish","type":"post","link":"https:\/\/dbh-group.com\/blog\/?p=18196&lang=hu","title":{"rendered":"Irodagal\u00e9ria ny\u00edlt a leg\u00fajabb, debreceni center\u00fcnkben!"},"content":{"rendered":"<p>Leg\u00fajabb \u201eA\u201d kateg\u00f3ri\u00e1s szolg\u00e1ltatott irodai center\u00fcnkben, a DBH Serviced Office Agora-ban megny\u00edlt az id\u00e9n \u00fajra \u00e9letreh\u00edvott <strong>DBH Serviced Office Agora Irodagal\u00e9ria<\/strong> \u00e1lland\u00f3 ki\u00e1ll\u00edt\u00e1sunk. Ennek keret\u00e9ben jelenleg 11 debreceni m\u0171v\u00e9sz, 31 alkot\u00e1sa, olajfestm\u00e9nyei, grafik\u00e1i, r\u00e9zkarcai tekinthet\u0151k meg.<\/p>\n<p>A befektet\u00e9si \u00e9s \u00fczleti szolg\u00e1ltat\u00e1sokkal foglalkoz\u00f3 <a href=\"https:\/\/dbh-group.com\/en\/serviced-offices\" target=\"_blank\" rel=\"noopener noreferrer\">DBH Group<\/a> az idei \u00e9vt\u0151l imm\u00e1ron Debrecenben is lehet\u0151s\u00e9get biztos\u00edt a kort\u00e1rs m\u0171v\u00e9szeknek, hogy bemutathass\u00e1k munk\u00e1ikat \u00e9s ezzel is n\u00f6velj\u00e9k ismerts\u00e9g\u00fcket a v\u00e1llalatcsoport szolg\u00e1ltatott irod\u00e1inak k\u00f6z\u00f6s tereiben, leg\u00fajabban a DBH Serviced Office Agoraban.<\/p>\n<p>A v\u00e1llalat rugalmas felt\u00e9telekkel b\u00e9relhet\u0151 irod\u00e1iban, az \u00fcgyfelek \u00e9s a l\u00e1togat\u00f3k sz\u00e1m\u00e1ra lehet\u0151s\u00e9g ny\u00edlik a DBH Irodagal\u00e9ria ki\u00e1ll\u00edt\u00e1s-sorozatban bemutatott k\u00e9pek megv\u00e1s\u00e1rl\u00e1s\u00e1ra is.<\/p>\n<p>A ki\u00e1ll\u00edt\u00e1s folyamatosan megtekinthet\u0151 munkanapokon 9 \u00f3r\u00e1t\u00f3l 17 \u00f3r\u00e1ig a DBH Serviced Office Agora k\u00f6z\u00f6s tereiben (4025 Debrecen, Barna u. 23., Agora Irodah\u00e1z, I. emelet; <a href=\"https:\/\/www.google.com\/maps\/place\/Debrecen,+Barna+u.+23,+4025\/@47.5225318,21.6209772,17z\/data=!3m1!4b1!4m5!3m4!1s0x47470e6c5685b2b1:0xb12de0ad1f3a0692!8m2!3d47.5225318!4d21.6231659\" target=\"_blank\" rel=\"noopener noreferrer\">t\u00e9rk\u00e9p<\/a>)<br \/>\nA l\u00e1togat\u00f3k az els\u0151 emeletre a f\u00f6ldszinti portaszolg\u00e1lat seg\u00edts\u00e9g\u00e9vel juthatnak fel.<\/p>\n<p><strong>A DBH Groupr\u00f3l<\/strong>: Az \u00fczleti szolg\u00e1ltat\u00e1sok piac\u00e1n egyedi \u00fczletmodellj\u00e9r\u0151l ismert DBH Group egyr\u00e9szt fizikai infrastrukt\u00far\u00e1t (szolg\u00e1ltatott irod\u00e1k \u00e9s szolg\u00e1ltatott ipari l\u00e9tes\u00edtm\u00e9nyek), m\u00e1sr\u00e9szt erre r\u00e1\u00e9p\u00fcl\u0151 \u00fczleti szolg\u00e1ltat\u00e1sokat biztos\u00edt f\u0151k\u00e9nt hazai \u00e9s nemzetk\u00f6zi kis- \u00e9s k\u00f6z\u00e9pv\u00e1llalatoknak p\u00e9nz\u00fcgy, befektet\u00e9si, \u00fczleti adminisztr\u00e1ci\u00f3, valamint projektmenedzsment ter\u00fcleteken.<\/p>\n","protected":false},"excerpt":{"rendered":"<p>Leg\u00fajabb \u201eA\u201d kateg\u00f3ri\u00e1s szolg\u00e1ltatott irodai center\u00fcnkben, a DBH Serviced Office Agora-ban megny\u00edlt az id\u00e9n \u00fajra \u00e9letreh\u00edvott DBH Serviced Office Agora Irodagal\u00e9ria \u00e1lland\u00f3 ki\u00e1ll\u00edt\u00e1sunk. Ennek keret\u00e9ben jelenleg 11 debreceni m\u0171v\u00e9sz, 31 alkot\u00e1sa, olajfestm\u00e9nyei, grafik\u00e1i, r\u00e9zkarcai tekinthet\u0151k meg.<\/p>\n<p>A befektet\u00e9si \u00e9s \u00fczleti szolg\u00e1ltat\u00e1sokkal foglalkoz\u00f3 <a href=\"https:\/\/dbh-group.com\/en\/serviced-offices\" target=\"_blank\" rel=\"noopener noreferrer\">DBH Group<\/a> az idei \u00e9vt\u0151l imm\u00e1ron Debrecenben is lehet\u0151s\u00e9get biztos\u00edt a kort\u00e1rs m\u0171v\u00e9szeknek,<\/p>\n<p> <a href=\"https:\/\/dbh-group.com\/blog\/?p=18196&#038;lang=hu\">Read more<\/a><\/p>\n","protected":false},"author":47,"featured_media":18197,"comment_status":"open","ping_status":"closed","sticky":false,"template":"","format":"standard","meta":{"_monsterinsights_skip_tracking":false,"_monsterinsights_sitenote_active":false,"_monsterinsights_sitenote_note":"","_monsterinsights_sitenote_category":0},"categories":[644],"tags":[],"yoast_head":"<!-- This site is optimized with the Yoast SEO plugin v15.3 - https:\/\/yoast.com\/wordpress\/plugins\/seo\/ -->\n<meta name=\"robots\" content=\"index, follow, max-snippet:-1, max-image-preview:large, max-video-preview:-1\" \/>\n<link rel=\"canonical\" href=\"https:\/\/dbh-group.com\/blog\/?p=18196&#038;lang=hu\" \/>\n<meta property=\"og:locale\" content=\"en_US\" \/>\n<meta property=\"og:type\" content=\"article\" \/>\n<meta property=\"og:title\" content=\"Irodagal\u00e9ria ny\u00edlt a leg\u00fajabb, debreceni center\u00fcnkben! | DBH Group\" \/>\n<meta property=\"og:description\" content=\"Leg\u00fajabb \u201eA\u201d kateg\u00f3ri\u00e1s szolg\u00e1ltatott irodai center\u00fcnkben, a DBH Serviced Office Agora-ban megny\u00edlt az id\u00e9n \u00fajra \u00e9letreh\u00edvott DBH Serviced Office Agora Irodagal\u00e9ria \u00e1lland\u00f3 ki\u00e1ll\u00edt\u00e1sunk. Ennek keret\u00e9ben jelenleg 11 debreceni m\u0171v\u00e9sz, 31 alkot\u00e1sa, olajfestm\u00e9nyei, grafik\u00e1i, r\u00e9zkarcai tekinthet\u0151k meg. A befektet\u00e9si \u00e9s \u00fczleti szolg\u00e1ltat\u00e1sokkal foglalkoz\u00f3 DBH Group az idei \u00e9vt\u0151l imm\u00e1ron Debrecenben is lehet\u0151s\u00e9get biztos\u00edt a kort\u00e1rs m\u0171v\u00e9szeknek, Read more\" \/>\n<meta property=\"og:url\" content=\"https:\/\/dbh-group.com\/blog\/?p=18196&amp;lang=hu\" \/>\n<meta property=\"og:site_name\" content=\"DBH Group\" \/>\n<meta property=\"article:publisher\" content=\"https:\/\/www.facebook.com\/THEDBHGROUP\" \/>\n<meta property=\"article:published_time\" content=\"2021-03-17T14:52:46+00:00\" \/>\n<meta property=\"article:modified_time\" content=\"2021-03-30T20:18:06+00:00\" \/>\n<meta property=\"og:image\" content=\"https:\/\/dbh-group.com\/blog\/wp-content\/uploads\/2021\/03\/Irodagaleria-blog.jpg\" \/>\n\t<meta property=\"og:image:width\" content=\"1234\" \/>\n\t<meta property=\"og:image:height\" content=\"556\" \/>\n<meta name=\"twitter:card\" content=\"summary_large_image\" \/>\n<meta name=\"twitter:creator\" content=\"@dbhgroup\" \/>\n<meta name=\"twitter:site\" content=\"@dbhgroup\" \/>\n<meta name=\"twitter:label1\" content=\"Written by\">\n\t<meta name=\"twitter:data1\" content=\"Hanjalka Csabai\">\n\t<meta name=\"twitter:label2\" content=\"Est. reading time\">\n\t<meta name=\"twitter:data2\" content=\"1 minute\">\n<script type=\"application\/ld+json\" class=\"yoast-schema-graph\">{\"@context\":\"https:\/\/schema.org\",\"@graph\":[{\"@type\":\"WebSite\",\"@id\":\"https:\/\/dbh-group.com\/blog\/#website\",\"url\":\"https:\/\/dbh-group.com\/blog\/\",\"name\":\"DBH Group\",\"description\":\"Growing Business Together\",\"potentialAction\":[{\"@type\":\"SearchAction\",\"target\":\"https:\/\/dbh-group.com\/blog\/?s={search_term_string}\",\"query-input\":\"required name=search_term_string\"}],\"inLanguage\":\"en-US\"},{\"@type\":\"ImageObject\",\"@id\":\"https:\/\/dbh-group.com\/blog\/?p=18196&lang=hu#primaryimage\",\"inLanguage\":\"en-US\",\"url\":\"https:\/\/dbh-group.com\/blog\/wp-content\/uploads\/2021\/03\/Irodagaleria-blog.jpg\",\"width\":1234,\"height\":556,\"caption\":\"DBH-irodagaleria\"},{\"@type\":\"WebPage\",\"@id\":\"https:\/\/dbh-group.com\/blog\/?p=18196&lang=hu#webpage\",\"url\":\"https:\/\/dbh-group.com\/blog\/?p=18196&lang=hu\",\"name\":\"Irodagal\\u00e9ria ny\\u00edlt a leg\\u00fajabb, debreceni center\\u00fcnkben! | DBH Group\",\"isPartOf\":{\"@id\":\"https:\/\/dbh-group.com\/blog\/#website\"},\"primaryImageOfPage\":{\"@id\":\"https:\/\/dbh-group.com\/blog\/?p=18196&lang=hu#primaryimage\"},\"datePublished\":\"2021-03-17T14:52:46+00:00\",\"dateModified\":\"2021-03-30T20:18:06+00:00\",\"author\":{\"@id\":\"https:\/\/dbh-group.com\/blog\/#\/schema\/person\/d494d4fab9be8e21b3861fbf2db8a930\"},\"inLanguage\":\"en-US\",\"potentialAction\":[{\"@type\":\"ReadAction\",\"target\":[\"https:\/\/dbh-group.com\/blog\/?p=18196&lang=hu\"]}]},{\"@type\":\"Person\",\"@id\":\"https:\/\/dbh-group.com\/blog\/#\/schema\/person\/d494d4fab9be8e21b3861fbf2db8a930\",\"name\":\"Hanjalka Csabai\",\"image\":{\"@type\":\"ImageObject\",\"@id\":\"https:\/\/dbh-group.com\/blog\/#personlogo\",\"inLanguage\":\"en-US\",\"url\":\"https:\/\/secure.gravatar.com\/avatar\/e064bfef5728153f20a6ea1a8c4287ad?s=96&d=mm&r=g\",\"caption\":\"Hanjalka Csabai\"}}]}<\/script>\n<!-- \/ Yoast SEO plugin. -->","_links":{"self":[{"href":"https:\/\/dbh-group.com\/blog\/index.php?rest_route=\/wp\/v2\/posts\/18196"}],"collection":[{"href":"https:\/\/dbh-group.com\/blog\/index.php?rest_route=\/wp\/v2\/posts"}],"about":[{"href":"https:\/\/dbh-group.com\/blog\/index.php?rest_route=\/wp\/v2\/types\/post"}],"author":[{"embeddable":true,"href":"https:\/\/dbh-group.com\/blog\/index.php?rest_route=\/wp\/v2\/users\/47"}],"replies":[{"embeddable":true,"href":"https:\/\/dbh-group.com\/blog\/index.php?rest_route=%2Fwp%2Fv2%2Fcomments&post=18196"}],"version-history":[{"count":1,"href":"https:\/\/dbh-group.com\/blog\/index.php?rest_route=\/wp\/v2\/posts\/18196\/revisions"}],"predecessor-version":[{"id":18198,"href":"https:\/\/dbh-group.com\/blog\/index.php?rest_route=\/wp\/v2\/posts\/18196\/revisions\/18198"}],"wp:featuredmedia":[{"embeddable":true,"href":"https:\/\/dbh-group.com\/blog\/index.php?rest_route=\/wp\/v2\/media\/18197"}],"wp:attachment":[{"href":"https:\/\/dbh-group.com\/blog\/index.php?rest_route=%2Fwp%2Fv2%2Fmedia&parent=18196"}],"wp:term":[{"taxonomy":"category","embeddable":true,"href":"https:\/\/dbh-group.com\/blog\/index.php?rest_route=%2Fwp%2Fv2%2Fcategories&post=18196"},{"taxonomy":"post_tag","embeddable":true,"href":"https:\/\/dbh-group.com\/blog\/index.php?rest_route=%2Fwp%2Fv2%2Ftags&post=18196"}],"curies":[{"name":"wp","href":"https:\/\/api.w.org\/{rel}","templated":true}]}}