{"id":16916,"date":"2018-02-08T16:33:08","date_gmt":"2018-02-08T15:33:08","guid":{"rendered":"https:\/\/dbh-group.com\/2018\/02\/dutch-business-day-2\/"},"modified":"2025-02-19T09:58:48","modified_gmt":"2025-02-19T08:58:48","slug":"dutch-business-day","status":"publish","type":"post","link":"https:\/\/dbh-group.com\/blog\/?p=16916&lang=hu","title":{"rendered":"Holland \u00dczleti Nap &#8211; Debrecen"},"content":{"rendered":"<h1>Holland \u00dczleti Nap &#8211; Debrecen<\/h1>\n<p><strong><em>2018. febru\u00e1r 14-\u00e9n ker\u00fcl megrendez\u00e9sre a Holland \u00dczleti Nap rendezv\u00e9nysorozat k\u00f6vetkez\u0151 esem\u00e9nye, ez\u00fattal Debrecenben, a Nonprofit Gazdas\u00e1gfejleszt\u0151 Szervezetek H\u00e1z\u00e1ban.<\/em><\/strong><\/p>\n<div id=\"attachment_16892\" style=\"width: 190px\" class=\"wp-caption alignright\"><a href=\"https:\/\/dbh-group.com\/cms\/wp-content\/uploads\/2018\/01\/Endre_Vojtek_2_600.jpg\" target=\"_blank\" rel=\"noopener\"><img aria-describedby=\"caption-attachment-16892\" decoding=\"async\" loading=\"lazy\" class=\"wp-image-16892\" src=\"https:\/\/dbh-group.com\/cms\/wp-content\/uploads\/2018\/01\/Endre_Vojtek_2_600.jpg\" alt=\"Vojtek Endre, Managing Director of Business Services, DBH Group\" width=\"180\" height=\"180\" \/><\/a><p id=\"caption-attachment-16892\" class=\"wp-caption-text\">Vojtek Endre, Managing Director of Business Services, DBH Group<\/p><\/div>\n<p>2017. november\u00e9ben indult \u00fatj\u00e1ra a Holland \u00dczleti Nap elnevez\u00e9s\u0171 KKV-knak sz\u00f3l\u00f3 \u00fczleti rendezv\u00e9nysorozat, melynek els\u0151 alkalommal Sz\u00e9kesfeh\u00e9rv\u00e1r adott otthont. A rendezv\u00e9nyt a Holland Kir\u00e1lys\u00e1g Nagyk\u00f6vets\u00e9ge, valamint az Eur\u00f3pai Bizotts\u00e1g \u00e1ltal l\u00e9trehozott Enterprise European Network k\u00f6z\u00f6sen szervezik az egyes r\u00e9gi\u00f3k kereskedelmi kamar\u00e1ival.<\/p>\n<p>A szervez\u0151k c\u00e9lja, hogy el\u0151seg\u00edts\u00e9k a t\u00e9rs\u00e9gben m\u0171k\u00f6d\u0151 kis-\u00e9s k\u00f6z\u00e9pv\u00e1llalkoz\u00e1sok nemzetk\u00f6zi terjeszked\u00e9s\u00e9t, els\u0151sorban a Hollandia fel\u00e9 ir\u00e1nyul\u00f3 b\u0151v\u00fcl\u00e9st, valamint a holland-magyar gazdas\u00e1gi kapcsolatok \u00e9l\u00e9nk\u00fcl\u00e9s\u00e9t.<\/p>\n<p><strong>\u201eHa valaki \u00e9letre szeretn\u00e9 h\u00edvni \u00f6tlet\u00e9t, Hollandia nagyszer\u0171 lehet\u0151s\u00e9g erre a kih\u00edv\u00e1sra. A nagyfok\u00fa nyitotts\u00e1g mellett a hagyom\u00e1nyosan egy\u00fcttm\u0171k\u00f6d\u0151 \u00fczleti, akad\u00e9miai \u00e9s korm\u00e1nyzati szf\u00e9ra \u00e1ltal biztos\u00edtott innov\u00e1ci\u00f3s \u00f6kosziszt\u00e9ma is nagyban t\u00e1mogatja az \u00faj piacra l\u00e9p\u0151 v\u00e1llalkoz\u00e1sokat.\u201d<\/strong>&#8211; emelte ki Vojtek Endre, a szint\u00e9n holland-magyar alap\u00edt\u00e1s\u00fa DBH Group Business Services \u00fczlet\u00e1g\u00e1nak vezet\u0151je, a legut\u00f3bbi, sz\u00e9kesfeh\u00e9rv\u00e1ri Holland \u00dczleti Napon.<\/p>\n<p>Az esem\u00e9ny r\u00e9sztvev\u0151i amellett, hogy \u00e1tfog\u00f3 k\u00e9pet kapnak a holland gazdas\u00e1g h\u00faz\u00f3 \u00e1gazatair\u00f3l \u00e9s befektet\u00e9si lehet\u0151s\u00e9geir\u0151l, megismerhetik azokat a jogi \u00e9s ad\u00f3z\u00e1si keretrendszereket is, amelyek birtok\u00e1ban sikeresen nyithatnak a holland piac fel\u00e9. Az \u00fczleti napon a szakmai szervezetek mellett olyan holland alap\u00edt\u00e1s\u00fa c\u00e9gek k\u00e9pvisel\u0151i is el\u0151ad\u00e1st tartanak, akik m\u00e1r t\u00f6bb \u00e9ve eredm\u00e9nyesen m\u0171k\u00f6dnek Magyarorsz\u00e1gon. Az esettanulm\u00e1nyokon \u00e9s szem\u00e9lyes tapasztalatokon kereszt\u00fcl a magyar c\u00e9gek els\u0151 k\u00e9zb\u0151l ismerhetik meg a sikeres magyar-holland egy\u00fcttm\u0171k\u00f6d\u00e9shez sz\u00fcks\u00e9ges felt\u00e9teleket; els\u0151sorban gazdas\u00e1gi \u00e9s p\u00e9nz\u00fcgyi, jogi valamint az \u00fczleti magatart\u00e1s szempontjait figyelembe v\u00e9ve.<\/p>\n<p>A soron k\u00f6vetkez\u0151 debreceni \u00e1llom\u00e1son a DBH Group r\u00e9sz\u00e9r\u0151l, Vojtek Endre, a holland c\u00e9galap\u00edt\u00e1si, t\u00e1rsas\u00e1gi form\u00e1kr\u00f3l \u00e9s az optim\u00e1lis ad\u00f3strukt\u00fara kialak\u00edt\u00e1s\u00e1r\u00f3l tart majd el\u0151ad\u00e1st az \u00e9rdekl\u0151d\u0151k sz\u00e1m\u00e1ra.<\/p>\n<p>Az informat\u00edv el\u0151ad\u00e1sokon t\u00fal a rendezv\u00e9ny szakmai tal\u00e1lkoz\u00f3kra, partneri kapcsolatok kialak\u00edt\u00e1s\u00e1ra is lehet\u0151s\u00e9get k\u00edn\u00e1l a r\u00e9sztvev\u0151k sz\u00e1m\u00e1ra.<\/p>\n<p><a href=\"http:\/\/www.enterpriseeurope.hu\/hu\/esemenyek\/holland-uzleti-nap\">B\u0151vebb inform\u00e1ci\u00f3 \u00e9s regisztr\u00e1ci\u00f3&gt;&gt;<\/a><\/p>\n<p>&nbsp;<\/p>\n","protected":false},"excerpt":{"rendered":"<p>Holland \u00dczleti Nap &#8211; Debrecen<\/p>\n<p><em>2018. febru\u00e1r 14-\u00e9n ker\u00fcl megrendez\u00e9sre a Holland \u00dczleti Nap rendezv\u00e9nysorozat k\u00f6vetkez\u0151 esem\u00e9nye, ez\u00fattal Debrecenben, a Nonprofit Gazdas\u00e1gfejleszt\u0151 Szervezetek H\u00e1z\u00e1ban.<\/em><\/p>\n<p>2017. november\u00e9ben indult \u00fatj\u00e1ra a Holland \u00dczleti Nap elnevez\u00e9s\u0171 KKV-knak sz\u00f3l\u00f3 \u00fczleti rendezv\u00e9nysorozat, melynek els\u0151 alkalommal Sz\u00e9kesfeh\u00e9rv\u00e1r adott otthont. A rendezv\u00e9nyt a Holland Kir\u00e1lys\u00e1g Nagyk\u00f6vets\u00e9ge, valamint az Eur\u00f3pai Bizotts\u00e1g \u00e1ltal l\u00e9trehozott Enterprise European Network k\u00f6z\u00f6sen szervezik az egyes r\u00e9gi\u00f3k kereskedelmi kamar\u00e1ival.<\/p>\n<p> <a href=\"https:\/\/dbh-group.com\/blog\/?p=16916&#038;lang=hu\">Read more<\/a><\/p>\n","protected":false},"author":42,"featured_media":16895,"comment_status":"open","ping_status":"closed","sticky":false,"template":"","format":"standard","meta":{"_monsterinsights_skip_tracking":false,"_monsterinsights_sitenote_active":false,"_monsterinsights_sitenote_note":"","_monsterinsights_sitenote_category":0},"categories":[],"tags":[],"yoast_head":"<!-- This site is optimized with the Yoast SEO plugin v15.3 - https:\/\/yoast.com\/wordpress\/plugins\/seo\/ -->\n<meta name=\"description\" content=\"Ismerje meg a 2018. febru\u00e1r 14-i debreceni Holland \u00dczleti Nap esem\u00e9ny\u00e9t, ahol a holland-magyar egy\u00fcttm\u0171k\u00f6d\u00e9s \u00e9s \u00fczleti sikerek v\u00e1rj\u00e1k. Regisztr\u00e1ljon most!\" \/>\n<meta name=\"robots\" content=\"index, follow, max-snippet:-1, max-image-preview:large, max-video-preview:-1\" \/>\n<link rel=\"canonical\" href=\"https:\/\/dbh-group.com\/blog\/?p=16916&#038;lang=hu\" \/>\n<meta property=\"og:locale\" content=\"en_US\" \/>\n<meta property=\"og:type\" content=\"article\" \/>\n<meta property=\"og:title\" content=\"Holland \u00dczleti Nap Debrecenben: KKV Nemzetk\u00f6zi F\u00f3rum | DBH\" \/>\n<meta property=\"og:description\" content=\"Ismerje meg a 2018. febru\u00e1r 14-i debreceni Holland \u00dczleti Nap esem\u00e9ny\u00e9t, ahol a holland-magyar egy\u00fcttm\u0171k\u00f6d\u00e9s \u00e9s \u00fczleti sikerek v\u00e1rj\u00e1k. Regisztr\u00e1ljon most!\" \/>\n<meta property=\"og:url\" content=\"https:\/\/dbh-group.com\/blog\/?p=16916&amp;lang=hu\" \/>\n<meta property=\"og:site_name\" content=\"DBH Group\" \/>\n<meta property=\"article:publisher\" content=\"https:\/\/www.facebook.com\/THEDBHGROUP\" \/>\n<meta property=\"article:published_time\" content=\"2018-02-08T15:33:08+00:00\" \/>\n<meta property=\"article:modified_time\" content=\"2025-02-19T08:58:48+00:00\" \/>\n<meta property=\"og:image\" content=\"https:\/\/dbh-group.com\/blog\/wp-content\/uploads\/2015\/04\/amsterdam-1244789_1280.jpg\" \/>\n\t<meta property=\"og:image:width\" content=\"1280\" \/>\n\t<meta property=\"og:image:height\" content=\"514\" \/>\n<meta name=\"twitter:card\" content=\"summary_large_image\" \/>\n<meta name=\"twitter:creator\" content=\"@dbhgroup\" \/>\n<meta name=\"twitter:site\" content=\"@dbhgroup\" \/>\n<meta name=\"twitter:label1\" content=\"Written by\">\n\t<meta name=\"twitter:data1\" content=\"szilvia.varga\">\n\t<meta name=\"twitter:label2\" content=\"Est. reading time\">\n\t<meta name=\"twitter:data2\" content=\"2 minutes\">\n<script type=\"application\/ld+json\" class=\"yoast-schema-graph\">{\"@context\":\"https:\/\/schema.org\",\"@graph\":[{\"@type\":\"WebSite\",\"@id\":\"https:\/\/dbh-group.com\/blog\/#website\",\"url\":\"https:\/\/dbh-group.com\/blog\/\",\"name\":\"DBH Group\",\"description\":\"Growing Business Together\",\"potentialAction\":[{\"@type\":\"SearchAction\",\"target\":\"https:\/\/dbh-group.com\/blog\/?s={search_term_string}\",\"query-input\":\"required name=search_term_string\"}],\"inLanguage\":\"en-US\"},{\"@type\":\"ImageObject\",\"@id\":\"https:\/\/dbh-group.com\/blog\/?p=16916&lang=hu#primaryimage\",\"inLanguage\":\"en-US\",\"url\":\"https:\/\/dbh-group.com\/blog\/wp-content\/uploads\/2015\/04\/amsterdam-1244789_1280.jpg\",\"width\":1280,\"height\":514},{\"@type\":\"WebPage\",\"@id\":\"https:\/\/dbh-group.com\/blog\/?p=16916&lang=hu#webpage\",\"url\":\"https:\/\/dbh-group.com\/blog\/?p=16916&lang=hu\",\"name\":\"Holland \\u00dczleti Nap Debrecenben: KKV Nemzetk\\u00f6zi F\\u00f3rum | DBH\",\"isPartOf\":{\"@id\":\"https:\/\/dbh-group.com\/blog\/#website\"},\"primaryImageOfPage\":{\"@id\":\"https:\/\/dbh-group.com\/blog\/?p=16916&lang=hu#primaryimage\"},\"datePublished\":\"2018-02-08T15:33:08+00:00\",\"dateModified\":\"2025-02-19T08:58:48+00:00\",\"author\":{\"@id\":\"https:\/\/dbh-group.com\/blog\/#\/schema\/person\/f14d98ee111b9a4de4540413f2c38453\"},\"description\":\"Ismerje meg a 2018. febru\\u00e1r 14-i debreceni Holland \\u00dczleti Nap esem\\u00e9ny\\u00e9t, ahol a holland-magyar egy\\u00fcttm\\u0171k\\u00f6d\\u00e9s \\u00e9s \\u00fczleti sikerek v\\u00e1rj\\u00e1k. Regisztr\\u00e1ljon most!\",\"inLanguage\":\"en-US\",\"potentialAction\":[{\"@type\":\"ReadAction\",\"target\":[\"https:\/\/dbh-group.com\/blog\/?p=16916&lang=hu\"]}]},{\"@type\":\"Person\",\"@id\":\"https:\/\/dbh-group.com\/blog\/#\/schema\/person\/f14d98ee111b9a4de4540413f2c38453\",\"name\":\"szilvia.varga\",\"image\":{\"@type\":\"ImageObject\",\"@id\":\"https:\/\/dbh-group.com\/blog\/#personlogo\",\"inLanguage\":\"en-US\",\"url\":\"https:\/\/secure.gravatar.com\/avatar\/bd8e85adc200681af46281738347cbe8?s=96&d=mm&r=g\",\"caption\":\"szilvia.varga\"}}]}<\/script>\n<!-- \/ Yoast SEO plugin. -->","_links":{"self":[{"href":"https:\/\/dbh-group.com\/blog\/index.php?rest_route=\/wp\/v2\/posts\/16916"}],"collection":[{"href":"https:\/\/dbh-group.com\/blog\/index.php?rest_route=\/wp\/v2\/posts"}],"about":[{"href":"https:\/\/dbh-group.com\/blog\/index.php?rest_route=\/wp\/v2\/types\/post"}],"author":[{"embeddable":true,"href":"https:\/\/dbh-group.com\/blog\/index.php?rest_route=\/wp\/v2\/users\/42"}],"replies":[{"embeddable":true,"href":"https:\/\/dbh-group.com\/blog\/index.php?rest_route=%2Fwp%2Fv2%2Fcomments&post=16916"}],"version-history":[{"count":10,"href":"https:\/\/dbh-group.com\/blog\/index.php?rest_route=\/wp\/v2\/posts\/16916\/revisions"}],"predecessor-version":[{"id":19321,"href":"https:\/\/dbh-group.com\/blog\/index.php?rest_route=\/wp\/v2\/posts\/16916\/revisions\/19321"}],"wp:featuredmedia":[{"embeddable":true,"href":"https:\/\/dbh-group.com\/blog\/index.php?rest_route=\/wp\/v2\/media\/16895"}],"wp:attachment":[{"href":"https:\/\/dbh-group.com\/blog\/index.php?rest_route=%2Fwp%2Fv2%2Fmedia&parent=16916"}],"wp:term":[{"taxonomy":"category","embeddable":true,"href":"https:\/\/dbh-group.com\/blog\/index.php?rest_route=%2Fwp%2Fv2%2Fcategories&post=16916"},{"taxonomy":"post_tag","embeddable":true,"href":"https:\/\/dbh-group.com\/blog\/index.php?rest_route=%2Fwp%2Fv2%2Ftags&post=16916"}],"curies":[{"name":"wp","href":"https:\/\/api.w.org\/{rel}","templated":true}]}}