{"id":16029,"date":"2017-04-24T10:03:17","date_gmt":"2017-04-24T08:03:17","guid":{"rendered":"https:\/\/dbh-group.com\/?p=16029"},"modified":"2017-06-06T12:15:04","modified_gmt":"2017-06-06T10:15:04","slug":"munka-torvenykonyv-tervezett-evkozi-modositas","status":"publish","type":"post","link":"https:\/\/dbh-group.com\/blog\/?p=16029&lang=hu","title":{"rendered":"Munka t\u00f6rv\u00e9nyk\u00f6nyv \u2013 tervezett \u00e9vk\u00f6zi m\u00f3dos\u00edt\u00e1s"},"content":{"rendered":"<p>A teljes\u00edtend\u0151 munkaid\u0151 \u00e9s az \u00fczemid\u0151 jobb \u00f6sszehangol\u00e1s\u00e1val a munkav\u00e1llal\u00f3k v\u00e9delm\u00e9t, a munk\u00e1ltat\u00f3kn\u00e1l pedig a kisz\u00e1m\u00edthat\u00f3 \u00e9s tervezhet\u0151 termel\u00e9s kialak\u00edt\u00e1s\u00e1t szolg\u00e1lja a munka t\u00f6rv\u00e9nyk\u00f6nyv\u00e9nek m\u00f3dos\u00edt\u00e1sa. 2017. \u00e1prilis 18-ai \u00fcl\u00e9s\u00e9n az Orsz\u00e1ggy\u0171l\u00e9s egyhang\u00fa szavaz\u00e1ssal t\u00e1mogatta a munkaid\u0151-szervez\u00e9s egyes k\u00e9rd\u00e9seir\u0151l sz\u00f3l\u00f3 tv. javaslat vit\u00e1ra bocs\u00e1t\u00e1s\u00e1t.<!--more--><\/p>\n<p>A m\u00f3dos\u00edt\u00e1s f\u0151 c\u00e9lja, hogy a munk\u00e1ltat\u00f3k a kollekt\u00edv szerz\u0151d\u00e9ses meg\u00e1llapod\u00e1sok keret\u00e9ben nagyobb rugalmass\u00e1got kapjanak a munkaid\u0151 beoszt\u00e1sa ter\u00e9n.<\/p>\n<p>A l\u00e9nyegesebb v\u00e1ltoz\u00e1sokat \u00e9rint\u0151 pontokat az al\u00e1bbiakban foglaltam \u00f6ssze.<\/p>\n<blockquote><p><em><strong>\u201eA parlament gazdas\u00e1gi bizotts\u00e1g\u00e1ban 11 igen szavazattal \u00e9s 1 tart\u00f3zkod\u00e1ssal 2017.04.25-\u00e9n\u00a0visszavont\u00e1k a munka t\u00f6rv\u00e9nyk\u00f6nyv\u00e9nek m\u00f3dos\u00edt\u00e1s\u00e1r\u00f3l sz\u00f3l\u00f3 javaslatot.\u201d<\/strong><\/em><\/p><\/blockquote>\n<p><strong>Munkaid\u0151szervez\u00e9s<br \/>\n<\/strong>A t\u00f6rv\u00e9nym\u00f3dos\u00edt\u00e1s a hosszabb t\u00e1v\u00fa gazdas\u00e1gi trendekre figyelemmel k\u00edv\u00e1nja biztos\u00edtani a munkaid\u0151-szervez\u00e9s megfelel\u0151 kialak\u00edt\u00e1s\u00e1nak lehet\u0151s\u00e9g\u00e9t. A t\u00f6rv\u00e9nym\u00f3dos\u00edt\u00e1s a hosszabb t\u00e1v\u00fa gazdas\u00e1gi trendekre figyelemmel k\u00edv\u00e1nja biztos\u00edtani a munkaid\u0151-szervez\u00e9s megfelel\u0151 kialak\u00edt\u00e1s\u00e1nak lehet\u0151s\u00e9g\u00e9t. A t\u00f6rv\u00e9ny alapj\u00e1n megk\u00f6t\u00e9sre ker\u00fcl\u0151 kollekt\u00edv szerz\u0151d\u00e9sekkel azt az id\u0151szakot lehet kib\u0151v\u00edteni, melyen bel\u00fcl a munk\u00e1ltat\u00f3 a munkaid\u0151t beoszthatja: a m\u00f3dos\u00edtott jogszab\u00e1ly h\u00e1rom\u00e9ves id\u0151szakra teszi lehet\u0151v\u00e9 a felhaszn\u00e1lt \u00e9s fel nem haszn\u00e1lt munka\u00f3r\u00e1k beoszt\u00e1s\u00e1ra vonatkoz\u00f3, hosszabb munkaid\u0151keret kialak\u00edt\u00e1s\u00e1t. Ugyanakkor tov\u00e1bbra is figyelemmel kell lenni arra, hogy 12 h\u00f3nap \u00e1tlag\u00e1ban a heti munkaid\u0151 a rendk\u00edv\u00fcli munkav\u00e9gz\u00e9st is belesz\u00e1m\u00edtva nem haladhatja meg a 48 \u00f3r\u00e1t.<\/p>\n<p>Annak \u00e9rdek\u00e9ben, hogy egy 4 h\u00f3napn\u00e1l hosszabb id\u0151tartam\u00fa munkaid\u0151keret eset\u00e9n az \u00f3rab\u00e9res munkav\u00e1llal\u00f3 munkab\u00e9re ne ingadozzon a beosztott munkaid\u0151vel egy\u00fctt, a m\u00f3dos\u00edt\u00e1s el\u0151\u00edrn\u00e1, hogy a munk\u00e1ltat\u00f3 az \u00f3rab\u00e9res munkav\u00e1llal\u00f3 munkab\u00e9r\u00e9t k\u00f6teles az adott h\u00f3napban ir\u00e1nyad\u00f3 \u00e1ltal\u00e1nos munkarend szerinti munkanapok sz\u00e1m\u00e1nak \u00e9s a napi munkaid\u0151nek az alapulv\u00e9tel\u00e9vel elsz\u00e1molni \u00e9s kifizetni. Ett\u0151l kiz\u00e1r\u00f3lag kollekt\u00edv szerz\u0151d\u00e9sben lehet elt\u00e9rni.<strong>\u00a0<\/strong><\/p>\n<p><strong><br \/>\nMunkasz\u00fcneti nap is kivehet\u0151 szabadnapk\u00e9nt<br \/>\n<\/strong>A hat\u00e1lyos szab\u00e1lyoz\u00e1s sz\u00f6vege szerint egyenl\u0151tlen munkaid\u0151-beoszt\u00e1s eset\u00e9n a munkasz\u00fcneti napra nem oszthat\u00f3 be szabads\u00e1g, akkor sem, ha erre a munkasz\u00fcneti napra a munkav\u00e1llal\u00f3 egy\u00e9bk\u00e9nt be van osztva munkav\u00e9gz\u00e9sre. A tv. m\u00f3dos\u00edt\u00e1s a jogszab\u00e1ly kor\u00e1bbi hi\u00e1nyoss\u00e1g\u00e1t kik\u00fcsz\u00f6b\u00f6lve ezt \u00fagy pontos\u00edtan\u00e1, hogy amennyiben egyenl\u0151tlen munkaid\u0151-beoszt\u00e1s eset\u00e9n a munkav\u00e1llal\u00f3 munkasz\u00fcneti napra van beosztva, akkor erre a beosztott munkasz\u00fcneti napra \u00e9rtelemszer\u0171en szabads\u00e1g is kiadhat\u00f3 lesz.<\/p>\n<p><strong><br \/>\nMunkanap, munkah\u00e9t, munkaid\u0151-beoszt\u00e1s<br \/>\n<\/strong>A munkaid\u0151-szervez\u00e9s egyes k\u00e9rd\u00e9seir\u0151l sz\u00f3l\u00f3 t\u00f6rv\u00e9nytervezete szerinti egyszer\u0171s\u00f6dik a munkanap, a (munka)h\u00e9t, az \u00e1ltal\u00e1nos munkarend \u00e9s az egyenl\u0151tlen munkaid\u0151-beoszt\u00e1s fogalma.<\/p>\n<p>\u00c9rdemi v\u00e1ltoz\u00e1st jelenthet a m\u00e1r k\u00f6z\u00f6lt munkaid\u0151-beoszt\u00e1s m\u00f3dos\u00edt\u00e1s\u00e1nak \u00faj szab\u00e1lya. A f\u0151 szab\u00e1ly, miszerint a munkaid\u0151-beoszt\u00e1st milyen hat\u00e1rid\u0151ben kell a munkav\u00e1llal\u00f3val k\u00f6z\u00f6lni ahhoz, hogy a m\u00f3dos\u00edt\u00e1s ne min\u0151s\u00fclj\u00f6n p\u00f3tl\u00e9k-k\u00f6teles rendk\u00edv\u00fcli munkav\u00e9gz\u00e9snek v\u00e1ltozatlan szab\u00e1ly marad. Azonban a tervezet szerint a munkav\u00e1llal\u00f3val m\u00e1r ko\u0308zo\u0308lt munkaido\u030b-beoszta\u0301st a munk\u00e1ltat\u00f3 enn\u00e9l r\u00f6videbb hat\u00e1rid\u0151vel is m\u00f3dos\u00edthatn\u00e1, ha ezt a m\u00f3dos\u00edt\u00e1st a munkava\u0301llalo\u0301 ke\u0301ri, vagy ahhoz hozz\u00e1j\u00e1rul.<\/p>\n<p>Ezzel kapcsolatos esetleges vit\u00e1k azonban komoly bizony\u00edt\u00e1si k\u00e9rd\u00e9seket vethetnek fel, hogy tekinthet\u0151-e egy\u00e1ltal\u00e1n \u00f6nk\u00e9ntesnek a munkav\u00e1llal\u00f3 hozz\u00e1j\u00e1rul\u00e1sa egy ilyen m\u00f3dos\u00edt\u00e1shoz.<\/p>\n","protected":false},"excerpt":{"rendered":"<p>A teljes\u00edtend\u0151 munkaid\u0151 \u00e9s az \u00fczemid\u0151 jobb \u00f6sszehangol\u00e1s\u00e1val a munkav\u00e1llal\u00f3k v\u00e9delm\u00e9t, a munk\u00e1ltat\u00f3kn\u00e1l pedig a kisz\u00e1m\u00edthat\u00f3 \u00e9s tervezhet\u0151 termel\u00e9s kialak\u00edt\u00e1s\u00e1t szolg\u00e1lja a munka t\u00f6rv\u00e9nyk\u00f6nyv\u00e9nek m\u00f3dos\u00edt\u00e1sa. 2017. \u00e1prilis 18-ai \u00fcl\u00e9s\u00e9n az Orsz\u00e1ggy\u0171l\u00e9s egyhang\u00fa szavaz\u00e1ssal t\u00e1mogatta a munkaid\u0151-szervez\u00e9s egyes k\u00e9rd\u00e9seir\u0151l sz\u00f3l\u00f3 tv. javaslat vit\u00e1ra bocs\u00e1t\u00e1s\u00e1t.<\/p>\n<p> <a href=\"https:\/\/dbh-group.com\/blog\/?p=16029&#038;lang=hu\">Read more<\/a><\/p>\n","protected":false},"author":27,"featured_media":16033,"comment_status":"open","ping_status":"closed","sticky":false,"template":"","format":"standard","meta":{"_monsterinsights_skip_tracking":false,"_monsterinsights_sitenote_active":false,"_monsterinsights_sitenote_note":"","_monsterinsights_sitenote_category":0},"categories":[],"tags":[],"yoast_head":"<!-- This site is optimized with the Yoast SEO plugin v15.3 - https:\/\/yoast.com\/wordpress\/plugins\/seo\/ -->\n<meta name=\"description\" content=\"A munkaid\u0151 jobb \u00f6sszehangol\u00e1sa a munkav\u00e1llal\u00f3k v\u00e9delm\u00e9t, a munk\u00e1ltat\u00f3kn\u00e1l a kisz\u00e1m\u00edthat\u00f3 \u00e9s tervezhet\u0151 termel\u00e9s kialak\u00edt\u00e1s\u00e1t szolg\u00e1lja az Mt m\u00f3dos\u00edt\u00e1sa.\" \/>\n<meta name=\"robots\" content=\"index, follow, max-snippet:-1, max-image-preview:large, max-video-preview:-1\" \/>\n<link rel=\"canonical\" href=\"https:\/\/dbh-group.com\/blog\/?p=16029&#038;lang=hu\" \/>\n<meta property=\"og:locale\" content=\"en_US\" \/>\n<meta property=\"og:type\" content=\"article\" \/>\n<meta property=\"og:title\" content=\"Munka t\u00f6rv\u00e9nyk\u00f6nyv \u2013 tervezett \u00e9vk\u00f6zi m\u00f3dos\u00edt\u00e1s | DBH Group\" \/>\n<meta property=\"og:description\" content=\"A munkaid\u0151 jobb \u00f6sszehangol\u00e1sa a munkav\u00e1llal\u00f3k v\u00e9delm\u00e9t, a munk\u00e1ltat\u00f3kn\u00e1l a kisz\u00e1m\u00edthat\u00f3 \u00e9s tervezhet\u0151 termel\u00e9s kialak\u00edt\u00e1s\u00e1t szolg\u00e1lja az Mt m\u00f3dos\u00edt\u00e1sa.\" \/>\n<meta property=\"og:url\" content=\"https:\/\/dbh-group.com\/blog\/?p=16029&amp;lang=hu\" \/>\n<meta property=\"og:site_name\" content=\"DBH Group\" \/>\n<meta property=\"article:publisher\" content=\"https:\/\/www.facebook.com\/THEDBHGROUP\" \/>\n<meta property=\"article:published_time\" content=\"2017-04-24T08:03:17+00:00\" \/>\n<meta property=\"article:modified_time\" content=\"2017-06-06T10:15:04+00:00\" \/>\n<meta property=\"og:image\" content=\"https:\/\/dbh-group.com\/blog\/wp-content\/uploads\/2015\/04\/munka-torvenykonyv-valtozas-dbh-finance-2.jpg\" \/>\n\t<meta property=\"og:image:width\" content=\"479\" \/>\n\t<meta property=\"og:image:height\" content=\"282\" \/>\n<meta name=\"twitter:card\" content=\"summary_large_image\" \/>\n<meta name=\"twitter:creator\" content=\"@dbhgroup\" \/>\n<meta name=\"twitter:site\" content=\"@dbhgroup\" \/>\n<meta name=\"twitter:label1\" content=\"Written by\">\n\t<meta name=\"twitter:data1\" content=\"Angiulli Enzo\">\n\t<meta name=\"twitter:label2\" content=\"Est. reading time\">\n\t<meta name=\"twitter:data2\" content=\"3 minutes\">\n<script type=\"application\/ld+json\" class=\"yoast-schema-graph\">{\"@context\":\"https:\/\/schema.org\",\"@graph\":[{\"@type\":\"WebSite\",\"@id\":\"https:\/\/dbh-group.com\/blog\/#website\",\"url\":\"https:\/\/dbh-group.com\/blog\/\",\"name\":\"DBH Group\",\"description\":\"Growing Business Together\",\"potentialAction\":[{\"@type\":\"SearchAction\",\"target\":\"https:\/\/dbh-group.com\/blog\/?s={search_term_string}\",\"query-input\":\"required name=search_term_string\"}],\"inLanguage\":\"en-US\"},{\"@type\":\"ImageObject\",\"@id\":\"https:\/\/dbh-group.com\/blog\/?p=16029&lang=hu#primaryimage\",\"inLanguage\":\"en-US\",\"url\":\"https:\/\/dbh-group.com\/blog\/wp-content\/uploads\/2015\/04\/munka-torvenykonyv-valtozas-dbh-finance-2.jpg\",\"width\":479,\"height\":282},{\"@type\":\"WebPage\",\"@id\":\"https:\/\/dbh-group.com\/blog\/?p=16029&lang=hu#webpage\",\"url\":\"https:\/\/dbh-group.com\/blog\/?p=16029&lang=hu\",\"name\":\"Munka t\\u00f6rv\\u00e9nyk\\u00f6nyv \\u2013 tervezett \\u00e9vk\\u00f6zi m\\u00f3dos\\u00edt\\u00e1s | DBH Group\",\"isPartOf\":{\"@id\":\"https:\/\/dbh-group.com\/blog\/#website\"},\"primaryImageOfPage\":{\"@id\":\"https:\/\/dbh-group.com\/blog\/?p=16029&lang=hu#primaryimage\"},\"datePublished\":\"2017-04-24T08:03:17+00:00\",\"dateModified\":\"2017-06-06T10:15:04+00:00\",\"author\":{\"@id\":\"https:\/\/dbh-group.com\/blog\/#\/schema\/person\/11f6c4233573cf2e066a29f26edc61c0\"},\"description\":\"A munkaid\\u0151 jobb \\u00f6sszehangol\\u00e1sa a munkav\\u00e1llal\\u00f3k v\\u00e9delm\\u00e9t, a munk\\u00e1ltat\\u00f3kn\\u00e1l a kisz\\u00e1m\\u00edthat\\u00f3 \\u00e9s tervezhet\\u0151 termel\\u00e9s kialak\\u00edt\\u00e1s\\u00e1t szolg\\u00e1lja az Mt m\\u00f3dos\\u00edt\\u00e1sa.\",\"inLanguage\":\"en-US\",\"potentialAction\":[{\"@type\":\"ReadAction\",\"target\":[\"https:\/\/dbh-group.com\/blog\/?p=16029&lang=hu\"]}]},{\"@type\":\"Person\",\"@id\":\"https:\/\/dbh-group.com\/blog\/#\/schema\/person\/11f6c4233573cf2e066a29f26edc61c0\",\"name\":\"Angiulli Enzo\",\"image\":{\"@type\":\"ImageObject\",\"@id\":\"https:\/\/dbh-group.com\/blog\/#personlogo\",\"inLanguage\":\"en-US\",\"url\":\"https:\/\/secure.gravatar.com\/avatar\/6564212ab943f37084162b01db171f2c?s=96&d=mm&r=g\",\"caption\":\"Angiulli Enzo\"}}]}<\/script>\n<!-- \/ Yoast SEO plugin. -->","_links":{"self":[{"href":"https:\/\/dbh-group.com\/blog\/index.php?rest_route=\/wp\/v2\/posts\/16029"}],"collection":[{"href":"https:\/\/dbh-group.com\/blog\/index.php?rest_route=\/wp\/v2\/posts"}],"about":[{"href":"https:\/\/dbh-group.com\/blog\/index.php?rest_route=\/wp\/v2\/types\/post"}],"author":[{"embeddable":true,"href":"https:\/\/dbh-group.com\/blog\/index.php?rest_route=\/wp\/v2\/users\/27"}],"replies":[{"embeddable":true,"href":"https:\/\/dbh-group.com\/blog\/index.php?rest_route=%2Fwp%2Fv2%2Fcomments&post=16029"}],"version-history":[{"count":2,"href":"https:\/\/dbh-group.com\/blog\/index.php?rest_route=\/wp\/v2\/posts\/16029\/revisions"}],"predecessor-version":[{"id":16040,"href":"https:\/\/dbh-group.com\/blog\/index.php?rest_route=\/wp\/v2\/posts\/16029\/revisions\/16040"}],"wp:featuredmedia":[{"embeddable":true,"href":"https:\/\/dbh-group.com\/blog\/index.php?rest_route=\/wp\/v2\/media\/16033"}],"wp:attachment":[{"href":"https:\/\/dbh-group.com\/blog\/index.php?rest_route=%2Fwp%2Fv2%2Fmedia&parent=16029"}],"wp:term":[{"taxonomy":"category","embeddable":true,"href":"https:\/\/dbh-group.com\/blog\/index.php?rest_route=%2Fwp%2Fv2%2Fcategories&post=16029"},{"taxonomy":"post_tag","embeddable":true,"href":"https:\/\/dbh-group.com\/blog\/index.php?rest_route=%2Fwp%2Fv2%2Ftags&post=16029"}],"curies":[{"name":"wp","href":"https:\/\/api.w.org\/{rel}","templated":true}]}}