{"id":12814,"date":"2015-12-04T14:56:03","date_gmt":"2015-12-04T13:56:03","guid":{"rendered":"https:\/\/dbh-group.com\/?p=12814"},"modified":"2017-06-02T09:04:21","modified_gmt":"2017-06-02T07:04:21","slug":"kf-innovacio-a-21-szazadi-europaban-konferencia","status":"publish","type":"post","link":"https:\/\/dbh-group.com\/blog\/?p=12814&lang=hu","title":{"rendered":"K+F, Innov\u00e1ci\u00f3 a 21. sz\u00e1zadi Eur\u00f3p\u00e1ban Konferencia"},"content":{"rendered":"<p><strong>A Piac &amp; Profit \u00e9s a Budapesti Kereskedelmi \u00e9s Iparkamara els\u0151 alkalommal rendezte meg december 3-\u00e1n a K+F \u00e9s Innov\u00e1ci\u00f3 a 21. sz\u00e1zadi Eur\u00f3p\u00e1ban c\u00edm\u0171 orsz\u00e1gos konferenci\u00e1j\u00e1t, melyen Dr. Erdei S\u00e1ndor, a DBH Group vez\u00e9rigazgat\u00f3ja is el\u0151adott a Magyar Kock\u00e1zati T\u0151ke Egyes\u00fclet (HVCA) k\u00e9pviselet\u00e9ben.<\/strong><\/p>\n<p><!--more--><\/p>\n<p>A rendezv\u00e9ny c\u00e9lja az volt, hogy bemutassa a legfrissebb trendeket a K+F \u00e9s innov\u00e1ci\u00f3 ter\u00fclet\u00e9n, valamint befektet\u0151i szemsz\u00f6gb\u0151l is \u00e9rt\u00e9kelje az elm\u00falt \u00e9veket, \u00e9s a j\u00f6v\u0151re vonatkoz\u00f3 ir\u00e1nyelveket, nem csak magyarorsz\u00e1gi, hanem eur\u00f3pai viszonylatban is.<\/p>\n<p><a href=\"http:\/\/www.piacesprofit.hu\/konferenciakozpont\/kf-innovacio-a-21-szazadi-europaban\/\"><img decoding=\"async\" loading=\"lazy\" class=\"aligncenter wp-image-12815 size-full\" src=\"https:\/\/dbh-group.com\/cms\/wp-content\/uploads\/2015\/11\/K-F_Innovacio_banner.jpg\" alt=\"K+F_Innovacio_banner\" width=\"600\" height=\"120\" \/><\/a><\/p>\n<p>Az esem\u00e9ny f\u0151v\u00e9dn\u00f6ke dr. P\u00e1link\u00e1s J\u00f3zsef, a Nemzeti Kutat\u00e1si, Fejleszt\u00e9si \u00e9s Innov\u00e1ci\u00f3s Hivatal eln\u00f6ke volt, aki mellett sz\u00e1mos neves szakember tartott el\u0151ad\u00e1st t\u00f6bbek k\u00f6z\u00f6tt az al\u00e1bbi t\u00e9mak\u00f6r\u00f6kben:<\/p>\n<ul>\n<li>Szellemi tulajdon v\u00e9delme<\/li>\n<li>Eur\u00f3pai Uni\u00f3 kutat\u00e1s-fejleszt\u00e9st \u00e9s innov\u00e1ci\u00f3t t\u00e1mogat\u00f3 politik\u00e1ja<\/li>\n<li>Innov\u00e1ci\u00f3s ir\u00e1nyok a 21. sz\u00e1zadban<\/li>\n<li>Start-upok nemzetk\u00f6zi kit\u00f6r\u00e9si lehet\u0151s\u00e9gei<\/li>\n<li>Klaszterek \u00e9s \u00fczleti partners\u00e9gek szerepe az innov\u00e1ci\u00f3ban<\/li>\n<\/ul>\n<p>Dr. Erdei S\u00e1ndor, a DBH Group vez\u00e9rigazgat\u00f3ja a befektet\u0151k szemsz\u00f6g\u00e9b\u0151l vette g\u00f3rcs\u0151 al\u00e1 a t\u00e9m\u00e1t, el\u0151ad\u00e1s\u00e1nak c\u00edme a k\u00f6vetkez\u0151 volt: <em>\u201eBefektet\u0151vonz\u00f3-e a K+F, Innov\u00e1ci\u00f3 (KFI)? Mi kelti fel ma a befektet\u0151i, kock\u00e1zati t\u0151ke \u00e9rdekl\u0151d\u00e9s\u00e9t?\u201d<\/em><\/p>\n<p>A d\u00e9lut\u00e1ni szekci\u00f3k workshoppal \u00e9s panelbesz\u00e9lget\u00e9sekkel folytat\u00f3dtak, ahol a r\u00e9sztvev\u0151k k\u00f6tetlenebb keretek k\u00f6z\u00f6tt vitathatt\u00e1k meg a felmer\u00fcl\u0151 t\u00e9m\u00e1kat.<\/p>\n<p>A konferencia nem titkolt c\u00e9lja volt, hogy hagyom\u00e1nyteremt\u0151 legyen az els\u0151 alkalom, \u00e9s az elk\u00f6vetkezend\u0151 \u00e9vekben is egy szakmai kapcsolatok kialak\u00edt\u00e1s\u00e1ra alkalmas platformot k\u00edn\u00e1ljon kutat\u00e1s-fejleszt\u00e9sben\u00a0\u00e9s innov\u00e1ci\u00f3ban \u00e9rdekelt \u00fczleti szerepl\u0151knek, befektet\u0151knek, start-upoknak, klasztereknek \u00e9s korm\u00e1nyzati szervezeteknek.<\/p>\n<p><a href=\"http:\/\/www.piacesprofit.hu\/konferenciakozpont\/kf-innovacio-a-21-szazadi-europaban\/\" target=\"_blank\">B\u0151vebb inform\u00e1ci\u00f3 &gt;&gt;<\/a><\/p>\n","protected":false},"excerpt":{"rendered":"<p>A Piac &amp; Profit \u00e9s a Budapesti Kereskedelmi \u00e9s Iparkamara els\u0151 alkalommal rendezte meg december 3-\u00e1n a K+F \u00e9s Innov\u00e1ci\u00f3 a 21. sz\u00e1zadi Eur\u00f3p\u00e1ban c\u00edm\u0171 orsz\u00e1gos konferenci\u00e1j\u00e1t, melyen Dr. Erdei S\u00e1ndor, a DBH Group vez\u00e9rigazgat\u00f3ja is el\u0151adott a Magyar Kock\u00e1zati T\u0151ke Egyes\u00fclet (HVCA) k\u00e9pviselet\u00e9ben.<\/p>\n<p> <a href=\"https:\/\/dbh-group.com\/blog\/?p=12814&#038;lang=hu\">Read more<\/a><\/p>\n","protected":false},"author":36,"featured_media":0,"comment_status":"open","ping_status":"closed","sticky":false,"template":"","format":"standard","meta":{"_monsterinsights_skip_tracking":false,"_monsterinsights_sitenote_active":false,"_monsterinsights_sitenote_note":"","_monsterinsights_sitenote_category":0},"categories":[],"tags":[],"yoast_head":"<!-- This site is optimized with the Yoast SEO plugin v15.3 - https:\/\/yoast.com\/wordpress\/plugins\/seo\/ -->\n<meta name=\"description\" content=\"A rendezv\u00e9nyen Dr. Erdei S\u00e1ndor, a DBH Group vez\u00e9rigazgat\u00f3ja befektet\u0151i szemsz\u00f6gb\u0151l elemzi a K+F \u00e9s innov\u00e1ci\u00f3 k\u00e9rd\u00e9sk\u00f6r\u00e9t plen\u00e1ris el\u0151ad\u00e1s\u00e1ban.\" \/>\n<meta name=\"robots\" content=\"index, follow, max-snippet:-1, max-image-preview:large, max-video-preview:-1\" \/>\n<link rel=\"canonical\" href=\"https:\/\/dbh-group.com\/blog\/?p=12814&#038;lang=hu\" \/>\n<meta property=\"og:locale\" content=\"en_US\" \/>\n<meta property=\"og:type\" content=\"article\" \/>\n<meta property=\"og:title\" content=\"K+F, Innov\u00e1ci\u00f3 a 21. sz\u00e1zadi Eur\u00f3p\u00e1ban Konferencia\" \/>\n<meta property=\"og:description\" content=\"A rendezv\u00e9nyen Dr. Erdei S\u00e1ndor, a DBH Group vez\u00e9rigazgat\u00f3ja befektet\u0151i szemsz\u00f6gb\u0151l elemzi a K+F \u00e9s innov\u00e1ci\u00f3 k\u00e9rd\u00e9sk\u00f6r\u00e9t plen\u00e1ris el\u0151ad\u00e1s\u00e1ban.\" \/>\n<meta property=\"og:url\" content=\"https:\/\/dbh-group.com\/blog\/?p=12814&amp;lang=hu\" \/>\n<meta property=\"og:site_name\" content=\"DBH Group\" \/>\n<meta property=\"article:publisher\" content=\"https:\/\/www.facebook.com\/THEDBHGROUP\" \/>\n<meta property=\"article:published_time\" content=\"2015-12-04T13:56:03+00:00\" \/>\n<meta property=\"article:modified_time\" content=\"2017-06-02T07:04:21+00:00\" \/>\n<meta property=\"og:image\" content=\"https:\/\/dbh-group.com\/cms\/wp-content\/uploads\/2015\/11\/K-F_Innovacio_banner.jpg\" \/>\n<meta name=\"twitter:card\" content=\"summary_large_image\" \/>\n<meta name=\"twitter:creator\" content=\"@dbhgroup\" \/>\n<meta name=\"twitter:site\" content=\"@dbhgroup\" \/>\n<meta name=\"twitter:label1\" content=\"Written by\">\n\t<meta name=\"twitter:data1\" content=\"DBH Group\">\n\t<meta name=\"twitter:label2\" content=\"Est. reading time\">\n\t<meta name=\"twitter:data2\" content=\"1 minute\">\n<script type=\"application\/ld+json\" class=\"yoast-schema-graph\">{\"@context\":\"https:\/\/schema.org\",\"@graph\":[{\"@type\":\"WebSite\",\"@id\":\"https:\/\/dbh-group.com\/blog\/#website\",\"url\":\"https:\/\/dbh-group.com\/blog\/\",\"name\":\"DBH Group\",\"description\":\"Growing Business Together\",\"potentialAction\":[{\"@type\":\"SearchAction\",\"target\":\"https:\/\/dbh-group.com\/blog\/?s={search_term_string}\",\"query-input\":\"required name=search_term_string\"}],\"inLanguage\":\"en-US\"},{\"@type\":\"ImageObject\",\"@id\":\"https:\/\/dbh-group.com\/blog\/?p=12814&lang=hu#primaryimage\",\"inLanguage\":\"en-US\",\"url\":\"https:\/\/dbh-group.com\/cms\/wp-content\/uploads\/2015\/11\/K-F_Innovacio_banner.jpg\"},{\"@type\":\"WebPage\",\"@id\":\"https:\/\/dbh-group.com\/blog\/?p=12814&lang=hu#webpage\",\"url\":\"https:\/\/dbh-group.com\/blog\/?p=12814&lang=hu\",\"name\":\"K+F, Innov\\u00e1ci\\u00f3 a 21. sz\\u00e1zadi Eur\\u00f3p\\u00e1ban Konferencia\",\"isPartOf\":{\"@id\":\"https:\/\/dbh-group.com\/blog\/#website\"},\"primaryImageOfPage\":{\"@id\":\"https:\/\/dbh-group.com\/blog\/?p=12814&lang=hu#primaryimage\"},\"datePublished\":\"2015-12-04T13:56:03+00:00\",\"dateModified\":\"2017-06-02T07:04:21+00:00\",\"author\":{\"@id\":\"https:\/\/dbh-group.com\/blog\/#\/schema\/person\/1ccb1aae75c6e758f29d3dc6c7ef5c63\"},\"description\":\"A rendezv\\u00e9nyen Dr. Erdei S\\u00e1ndor, a DBH Group vez\\u00e9rigazgat\\u00f3ja befektet\\u0151i szemsz\\u00f6gb\\u0151l elemzi a K+F \\u00e9s innov\\u00e1ci\\u00f3 k\\u00e9rd\\u00e9sk\\u00f6r\\u00e9t plen\\u00e1ris el\\u0151ad\\u00e1s\\u00e1ban.\",\"inLanguage\":\"en-US\",\"potentialAction\":[{\"@type\":\"ReadAction\",\"target\":[\"https:\/\/dbh-group.com\/blog\/?p=12814&lang=hu\"]}]},{\"@type\":\"Person\",\"@id\":\"https:\/\/dbh-group.com\/blog\/#\/schema\/person\/1ccb1aae75c6e758f29d3dc6c7ef5c63\",\"name\":\"DBH Group\",\"image\":{\"@type\":\"ImageObject\",\"@id\":\"https:\/\/dbh-group.com\/blog\/#personlogo\",\"inLanguage\":\"en-US\",\"url\":\"https:\/\/dbh-group.com\/blog\/wp-content\/uploads\/2015\/03\/dbh_group_logo_big.png\",\"caption\":\"DBH Group\"}}]}<\/script>\n<!-- \/ Yoast SEO plugin. -->","_links":{"self":[{"href":"https:\/\/dbh-group.com\/blog\/index.php?rest_route=\/wp\/v2\/posts\/12814"}],"collection":[{"href":"https:\/\/dbh-group.com\/blog\/index.php?rest_route=\/wp\/v2\/posts"}],"about":[{"href":"https:\/\/dbh-group.com\/blog\/index.php?rest_route=\/wp\/v2\/types\/post"}],"author":[{"embeddable":true,"href":"https:\/\/dbh-group.com\/blog\/index.php?rest_route=\/wp\/v2\/users\/36"}],"replies":[{"embeddable":true,"href":"https:\/\/dbh-group.com\/blog\/index.php?rest_route=%2Fwp%2Fv2%2Fcomments&post=12814"}],"version-history":[{"count":6,"href":"https:\/\/dbh-group.com\/blog\/index.php?rest_route=\/wp\/v2\/posts\/12814\/revisions"}],"predecessor-version":[{"id":12880,"href":"https:\/\/dbh-group.com\/blog\/index.php?rest_route=\/wp\/v2\/posts\/12814\/revisions\/12880"}],"wp:attachment":[{"href":"https:\/\/dbh-group.com\/blog\/index.php?rest_route=%2Fwp%2Fv2%2Fmedia&parent=12814"}],"wp:term":[{"taxonomy":"category","embeddable":true,"href":"https:\/\/dbh-group.com\/blog\/index.php?rest_route=%2Fwp%2Fv2%2Fcategories&post=12814"},{"taxonomy":"post_tag","embeddable":true,"href":"https:\/\/dbh-group.com\/blog\/index.php?rest_route=%2Fwp%2Fv2%2Ftags&post=12814"}],"curies":[{"name":"wp","href":"https:\/\/api.w.org\/{rel}","templated":true}]}}