{"id":12567,"date":"2015-10-27T16:35:45","date_gmt":"2015-10-27T15:35:45","guid":{"rendered":"https:\/\/dbh-group.com\/2nd-annual-business-forum-in-brussels-2\/"},"modified":"2017-06-02T09:13:27","modified_gmt":"2017-06-02T07:13:27","slug":"azerbajdzsani-befektetesi-lehetosegek","status":"publish","type":"post","link":"https:\/\/dbh-group.com\/blog\/?p=12567&lang=hu","title":{"rendered":"Azerbajdzs\u00e1ni befektet\u00e9si lehet\u0151s\u00e9gek &#8211; Business Forum Brussels"},"content":{"rendered":"<p><strong>Okt\u00f3ber 14-\u00e9n ker\u00fclt megrendez\u00e9sre az azerbajdzs\u00e1ni befektet\u00e9si lehet\u0151s\u00e9geket kihangs\u00falyoz\u00f3 Business Forum Brussels. Az esem\u00e9nyen t\u00f6bb mint 100 \u00fczletember \u00e9s diplomata k\u00e9pviselte t\u00f6bbek k\u00f6z\u00f6tt Belgiumot, Franciaorsz\u00e1got, N\u00e9metorsz\u00e1got, Olaszorsz\u00e1got \u00e9s Magyarorsz\u00e1got.\u00a0<\/strong><!--more--><\/p>\n<p>A rendezv\u00e9ny az \u201cAzerbajdzs\u00e1n a nemzetk\u00f6zi befektet\u0151k szemsz\u00f6g\u00e9b\u0151l\u201d elnevez\u00e9st kapta \u00e9s a Benelux Office of The European Azerbaijan Society mellett t\u00e1rsszervez\u0151k\u00e9nt jelent meg a DBH Group is.<\/p>\n<p>Azerbajdzs\u00e1n remek piaci lehet\u0151s\u00e9geket rejt mag\u00e1ban, mi sem bizony\u00edtja jobban, hogy az Eur\u00f3pai Uni\u00f3 m\u00e1r jelenleg is az orsz\u00e1g legnagyobb partnere. C\u00e9ljuk, hogy vir\u00e1gz\u00f3 kapcsolatukat egy magasabb szintre emelj\u00e9k. A konferencia a k\u00f6vetkez\u0151 t\u00e9m\u00e1kra helyezte a hangs\u00falyt: Ismerik a k\u00fclf\u00f6ldi befektet\u0151k az Azerbajdzs\u00e1nban rejl\u0151 potenci\u00e1lis lehet\u0151s\u00e9geket? Milyen akad\u00e1lyok mer\u00fclhetnek fel a befektet\u0151k szemsz\u00f6g\u00e9b\u0151l? Hogyan b\u00e1tor\u00edts\u00e1k a befektet\u0151ket? Kell\u0151 \u00e9s a megfelel\u0151 inform\u00e1ci\u00f3val rendelkeznek az azerbajdzs\u00e1ni terjeszked\u00e9shez?<\/p>\n<p>Az orsz\u00e1g felismerte, hogy versenyk\u00e9pess\u00e9g\u00e9nek n\u00f6vel\u00e9se \u00e9s az elektronikus kereskedelem megk\u00f6veteli Azerbajdzs\u00e1n inform\u00e1ci\u00f3s \u00e9s kommunik\u00e1ci\u00f3s infrastrukt\u00far\u00e1j\u00e1nak fejl\u0151d\u00e9s\u00e9t. M\u00e1ra a leggyorsabban fejl\u0151d\u0151 ipar\u00e1gg\u00e1 \u00e9s a befektet\u0151 m\u00e1sodik legnagyobb c\u00e9lpiac\u00e1v\u00e1 n\u0151tte ki mag\u00e1t.<\/p>\n<div id=\"attachment_12587\" style=\"width: 710px\" class=\"wp-caption aligncenter\"><a href=\"https:\/\/dbh-group.com\/cms\/wp-content\/uploads\/2015\/10\/panel_discussion_Business_Forum_Brussels.jpg\"><img aria-describedby=\"caption-attachment-12587\" decoding=\"async\" loading=\"lazy\" class=\"wp-image-12587\" src=\"https:\/\/dbh-group.com\/cms\/wp-content\/uploads\/2015\/10\/panel_discussion_Business_Forum_Brussels.jpg\" alt=\"panel_discussion_Business_Forum_Brussels\" width=\"700\" height=\"394\" \/><\/a><p id=\"caption-attachment-12587\" class=\"wp-caption-text\">IKT szekci\u00f3 &#8211; panelbesz\u00e9lget\u00e9s<\/p><\/div>\n<p>Az inform\u00e1ci\u00f3s \u00e9s kommunik\u00e1ci\u00f3s technol\u00f3gia szekci\u00f3j\u00e1nak moder\u00e1torak\u00e9nt <strong>Dr. Erdei S\u00e1ndor<\/strong>, a DBH Group vez\u00e9rigazgat\u00f3ja is r\u00e9szt vett az esem\u00e9nyen. A szekci\u00f3 az al\u00e1bbi r\u00e9sztvev\u0151kkel t\u00e1rta fel az Eur\u00f3pai Uni\u00f3 \u00e1ltal is t\u00e1mogatott azerbajdzs\u00e1ni digit\u00e1lis piacot:<\/p>\n<ul>\n<li>Kamran Agasi \u2013 Director of Innovations Centre, State Agency for Public Service and Social Innovations under the President of the Republic of Azerbaijan<\/li>\n<li>Ronny Depoortere \u2013 Senior Vice-President, Zetes PASS<\/li>\n<li>Anar Talibov \u2013 Chairman, Azsi\u011forta<\/li>\n<li>Javier L\u00f3pez Otero \u2013 COO, AnalysIQ<\/li>\n<li>Zaur Hasanov \u2013 Director, Trans-Eurasian Information Super Highway (TASIM)<\/li>\n<li>Closing comments: Marc Verwilghen, Director, TEAS Benelux.<\/li>\n<\/ul>\n","protected":false},"excerpt":{"rendered":"<p>Okt\u00f3ber 14-\u00e9n ker\u00fclt megrendez\u00e9sre az azerbajdzs\u00e1ni befektet\u00e9si lehet\u0151s\u00e9geket kihangs\u00falyoz\u00f3 Business Forum Brussels. Az esem\u00e9nyen t\u00f6bb mint 100 \u00fczletember \u00e9s diplomata k\u00e9pviselte t\u00f6bbek k\u00f6z\u00f6tt Belgiumot, Franciaorsz\u00e1got, N\u00e9metorsz\u00e1got, Olaszorsz\u00e1got \u00e9s Magyarorsz\u00e1got.\u00a0<\/p>\n<p> <a href=\"https:\/\/dbh-group.com\/blog\/?p=12567&#038;lang=hu\">Read more<\/a><\/p>\n","protected":false},"author":22,"featured_media":0,"comment_status":"open","ping_status":"closed","sticky":false,"template":"","format":"standard","meta":{"_monsterinsights_skip_tracking":false,"_monsterinsights_sitenote_active":false,"_monsterinsights_sitenote_note":"","_monsterinsights_sitenote_category":0},"categories":[],"tags":[434],"yoast_head":"<!-- This site is optimized with the Yoast SEO plugin v15.3 - https:\/\/yoast.com\/wordpress\/plugins\/seo\/ -->\n<meta name=\"description\" content=\"Okt\u00f3ber 14-\u00e9n ker\u00fclt megrendez\u00e9sre az azerbajdzs\u00e1ni befektet\u00e9si lehet\u0151s\u00e9geket kihangs\u00falyoz\u00f3 Brussels Business Forum.\" \/>\n<meta name=\"robots\" content=\"index, follow, max-snippet:-1, max-image-preview:large, max-video-preview:-1\" \/>\n<link rel=\"canonical\" href=\"https:\/\/dbh-group.com\/blog\/?p=12567&#038;lang=hu\" \/>\n<meta property=\"og:locale\" content=\"en_US\" \/>\n<meta property=\"og:type\" content=\"article\" \/>\n<meta property=\"og:title\" content=\"Business Forum Brussels\" \/>\n<meta property=\"og:description\" content=\"Okt\u00f3ber 14-\u00e9n ker\u00fclt megrendez\u00e9sre az azerbajdzs\u00e1ni befektet\u00e9si lehet\u0151s\u00e9geket kihangs\u00falyoz\u00f3 Brussels Business Forum.\" \/>\n<meta property=\"og:url\" content=\"https:\/\/dbh-group.com\/blog\/?p=12567&amp;lang=hu\" \/>\n<meta property=\"og:site_name\" content=\"DBH Group\" \/>\n<meta property=\"article:publisher\" content=\"https:\/\/www.facebook.com\/THEDBHGROUP\" \/>\n<meta property=\"article:published_time\" content=\"2015-10-27T15:35:45+00:00\" \/>\n<meta property=\"article:modified_time\" content=\"2017-06-02T07:13:27+00:00\" \/>\n<meta property=\"og:image\" content=\"https:\/\/dbh-group.com\/cms\/wp-content\/uploads\/2015\/10\/panel_discussion_Business_Forum_Brussels.jpg\" \/>\n<meta name=\"twitter:card\" content=\"summary_large_image\" \/>\n<meta name=\"twitter:creator\" content=\"@dbhgroup\" \/>\n<meta name=\"twitter:site\" content=\"@dbhgroup\" \/>\n<meta name=\"twitter:label1\" content=\"Written by\">\n\t<meta name=\"twitter:data1\" content=\"\u00dcrge L\u00e1szl\u00f3\">\n\t<meta name=\"twitter:label2\" content=\"Est. reading time\">\n\t<meta name=\"twitter:data2\" content=\"1 minute\">\n<script type=\"application\/ld+json\" class=\"yoast-schema-graph\">{\"@context\":\"https:\/\/schema.org\",\"@graph\":[{\"@type\":\"WebSite\",\"@id\":\"https:\/\/dbh-group.com\/blog\/#website\",\"url\":\"https:\/\/dbh-group.com\/blog\/\",\"name\":\"DBH Group\",\"description\":\"Growing Business Together\",\"potentialAction\":[{\"@type\":\"SearchAction\",\"target\":\"https:\/\/dbh-group.com\/blog\/?s={search_term_string}\",\"query-input\":\"required name=search_term_string\"}],\"inLanguage\":\"en-US\"},{\"@type\":\"ImageObject\",\"@id\":\"https:\/\/dbh-group.com\/blog\/?p=12567&lang=hu#primaryimage\",\"inLanguage\":\"en-US\",\"url\":\"https:\/\/dbh-group.com\/cms\/wp-content\/uploads\/2015\/10\/panel_discussion_Business_Forum_Brussels.jpg\"},{\"@type\":\"WebPage\",\"@id\":\"https:\/\/dbh-group.com\/blog\/?p=12567&lang=hu#webpage\",\"url\":\"https:\/\/dbh-group.com\/blog\/?p=12567&lang=hu\",\"name\":\"Business Forum Brussels\",\"isPartOf\":{\"@id\":\"https:\/\/dbh-group.com\/blog\/#website\"},\"primaryImageOfPage\":{\"@id\":\"https:\/\/dbh-group.com\/blog\/?p=12567&lang=hu#primaryimage\"},\"datePublished\":\"2015-10-27T15:35:45+00:00\",\"dateModified\":\"2017-06-02T07:13:27+00:00\",\"author\":{\"@id\":\"https:\/\/dbh-group.com\/blog\/#\/schema\/person\/6fc0832c9783311ea210fbe9f44a8af6\"},\"description\":\"Okt\\u00f3ber 14-\\u00e9n ker\\u00fclt megrendez\\u00e9sre az azerbajdzs\\u00e1ni befektet\\u00e9si lehet\\u0151s\\u00e9geket kihangs\\u00falyoz\\u00f3 Brussels Business Forum.\",\"inLanguage\":\"en-US\",\"potentialAction\":[{\"@type\":\"ReadAction\",\"target\":[\"https:\/\/dbh-group.com\/blog\/?p=12567&lang=hu\"]}]},{\"@type\":\"Person\",\"@id\":\"https:\/\/dbh-group.com\/blog\/#\/schema\/person\/6fc0832c9783311ea210fbe9f44a8af6\",\"name\":\"\\u00dcrge L\\u00e1szl\\u00f3\",\"image\":{\"@type\":\"ImageObject\",\"@id\":\"https:\/\/dbh-group.com\/blog\/#personlogo\",\"inLanguage\":\"en-US\",\"url\":\"https:\/\/dbh-group.com\/blog\/wp-content\/uploads\/2015\/04\/Urge-Laszlo-dbh-group-project-management.jpg\",\"caption\":\"\\u00dcrge L\\u00e1szl\\u00f3\"},\"sameAs\":[\"https:\/\/dbh-group.com\/hu\/investment\/\"]}]}<\/script>\n<!-- \/ Yoast SEO plugin. -->","_links":{"self":[{"href":"https:\/\/dbh-group.com\/blog\/index.php?rest_route=\/wp\/v2\/posts\/12567"}],"collection":[{"href":"https:\/\/dbh-group.com\/blog\/index.php?rest_route=\/wp\/v2\/posts"}],"about":[{"href":"https:\/\/dbh-group.com\/blog\/index.php?rest_route=\/wp\/v2\/types\/post"}],"author":[{"embeddable":true,"href":"https:\/\/dbh-group.com\/blog\/index.php?rest_route=\/wp\/v2\/users\/22"}],"replies":[{"embeddable":true,"href":"https:\/\/dbh-group.com\/blog\/index.php?rest_route=%2Fwp%2Fv2%2Fcomments&post=12567"}],"version-history":[{"count":6,"href":"https:\/\/dbh-group.com\/blog\/index.php?rest_route=\/wp\/v2\/posts\/12567\/revisions"}],"predecessor-version":[{"id":12590,"href":"https:\/\/dbh-group.com\/blog\/index.php?rest_route=\/wp\/v2\/posts\/12567\/revisions\/12590"}],"wp:attachment":[{"href":"https:\/\/dbh-group.com\/blog\/index.php?rest_route=%2Fwp%2Fv2%2Fmedia&parent=12567"}],"wp:term":[{"taxonomy":"category","embeddable":true,"href":"https:\/\/dbh-group.com\/blog\/index.php?rest_route=%2Fwp%2Fv2%2Fcategories&post=12567"},{"taxonomy":"post_tag","embeddable":true,"href":"https:\/\/dbh-group.com\/blog\/index.php?rest_route=%2Fwp%2Fv2%2Ftags&post=12567"}],"curies":[{"name":"wp","href":"https:\/\/api.w.org\/{rel}","templated":true}]}}